{"id":1751,"date":"2015-03-19T16:03:35","date_gmt":"2015-03-19T16:03:35","guid":{"rendered":"http:\/\/blogs.uo.edu.cu\/cvcenit\/?p=1751"},"modified":"2019-02-11T15:42:52","modified_gmt":"2019-02-11T15:42:52","slug":"la-integracion-de-las-ciencias-en-la-gestion-del-patrimonio-19-marzo-2015","status":"publish","type":"post","link":"https:\/\/blogs.uo.edu.cu\/cvcenit\/?p=1751","title":{"rendered":"La integraci\u00f3n de las ciencias en la gesti\u00f3n del patrimonio. 19 marzo 2015"},"content":{"rendered":"<p>Concebi<img fetchpriority=\"high\" decoding=\"async\" class=\"size-medium wp-image-1752 alignleft\" src=\"http:\/\/blogs.uo.edu.cu\/cvcenit\/wp-content\/uploads\/sites\/9\/2019\/01\/IMG_20150319_110904-300x225.jpg\" alt=\"\" width=\"300\" height=\"225\">do como un espacio para dialogar sobre tecnolog\u00eda, innovaci\u00f3n, econom\u00eda y otras ramas del saber, \u201cCiencia en la Mira\u201d, promovido por el Observatorio Cultural C\u00e9nit, estimul\u00f3 este 19 de marzo &nbsp;a intercambiar criterios sobre la integraci\u00f3n de las ciencias en la gesti\u00f3n del patrimonio.&nbsp; El panel integrado por las doctoras Margarita V. Hern\u00e1ndez Garrido, Milene Soto Suarez y Flora Morcate Labrada, Virginia Su\u00e1rez Pi\u00f1a, Irina Bidot, Dra.C. Aida Morales y el MSc. Ernesto Guevara Fern\u00e1ndez&nbsp; debatieron temas de gran importancia como son: las regulaciones o normas jur\u00eddicas en torno a la gesti\u00f3n del patrimonio en Cuba y en el contexto universitario. Criterios y propuestas que establecer desde las ciencias jur\u00eddicas. &nbsp;Las contribuciones al estudio, recate y conservaci\u00f3n&nbsp; del patrimonio arquitect\u00f3nico local y universitario. <!--more-->El patrimonio hist\u00f3rico y sociocultural de Santiago de Cuba y la Universidad, aportes desde las ciencias hist\u00f3ricas, y los v\u00ednculos efectivos entre los actores sociales en la voluntad de preservar y promover el patrimonio universitario y santiaguero. Profesores del proyecto VLIR argumentaron sobre las ciencias sociales y las human\u00edsticas&nbsp; frente a los retos contempor\u00e1neos&nbsp; del desarrollo sociocultural local en Santiago de Cuba, potenciando el patrimonio.<\/p>\n","protected":false},"excerpt":{"rendered":"<p>Concebido como un espacio para dialogar sobre tecnolog\u00eda, innovaci\u00f3n, econom\u00eda y otras ramas del saber, \u201cCiencia en la Mira\u201d, promovido por el Observatorio Cultural C\u00e9nit, estimul\u00f3 este 19 de marzo &nbsp;a intercambiar criterios sobre la integraci\u00f3n de las ciencias en&hellip;<\/p>\n<p class=\"more-link-p\"><a class=\"more-link\" href=\"https:\/\/blogs.uo.edu.cu\/cvcenit\/?p=1751\">Read more &rarr;<\/a><\/p>\n","protected":false},"author":5,"featured_media":0,"comment_status":"open","ping_status":"open","sticky":false,"template":"","format":"standard","meta":{"footnotes":""},"categories":[2],"tags":[],"class_list":["post-1751","post","type-post","status-publish","format-standard","hentry","category-ciencia-en-la-mira"],"_links":{"self":[{"href":"https:\/\/blogs.uo.edu.cu\/cvcenit\/index.php?rest_route=\/wp\/v2\/posts\/1751","targetHints":{"allow":["GET"]}}],"collection":[{"href":"https:\/\/blogs.uo.edu.cu\/cvcenit\/index.php?rest_route=\/wp\/v2\/posts"}],"about":[{"href":"https:\/\/blogs.uo.edu.cu\/cvcenit\/index.php?rest_route=\/wp\/v2\/types\/post"}],"author":[{"embeddable":true,"href":"https:\/\/blogs.uo.edu.cu\/cvcenit\/index.php?rest_route=\/wp\/v2\/users\/5"}],"replies":[{"embeddable":true,"href":"https:\/\/blogs.uo.edu.cu\/cvcenit\/index.php?rest_route=%2Fwp%2Fv2%2Fcomments&post=1751"}],"version-history":[{"count":9,"href":"https:\/\/blogs.uo.edu.cu\/cvcenit\/index.php?rest_route=\/wp\/v2\/posts\/1751\/revisions"}],"predecessor-version":[{"id":1855,"href":"https:\/\/blogs.uo.edu.cu\/cvcenit\/index.php?rest_route=\/wp\/v2\/posts\/1751\/revisions\/1855"}],"wp:attachment":[{"href":"https:\/\/blogs.uo.edu.cu\/cvcenit\/index.php?rest_route=%2Fwp%2Fv2%2Fmedia&parent=1751"}],"wp:term":[{"taxonomy":"category","embeddable":true,"href":"https:\/\/blogs.uo.edu.cu\/cvcenit\/index.php?rest_route=%2Fwp%2Fv2%2Fcategories&post=1751"},{"taxonomy":"post_tag","embeddable":true,"href":"https:\/\/blogs.uo.edu.cu\/cvcenit\/index.php?rest_route=%2Fwp%2Fv2%2Ftags&post=1751"}],"curies":[{"name":"wp","href":"https:\/\/api.w.org\/{rel}","templated":true}]}}