{"id":1754,"date":"2015-04-30T16:18:16","date_gmt":"2015-04-30T16:18:16","guid":{"rendered":"http:\/\/blogs.uo.edu.cu\/cvcenit\/?p=1754"},"modified":"2019-02-11T16:04:16","modified_gmt":"2019-02-11T16:04:16","slug":"la-constitucion-cubana-estabilidad-y-cambios-desafios-ante-la-actualizacion-del-modelo-economico-social-30-abril-2015","status":"publish","type":"post","link":"https:\/\/blogs.uo.edu.cu\/cvcenit\/?p=1754","title":{"rendered":"La Constituci\u00f3n Cubana, estabilidad y cambios. Desaf\u00edos ante la actualizaci\u00f3n del modelo econ\u00f3mico Social. 30 abril 2015"},"content":{"rendered":"<p>Concebi<img fetchpriority=\"high\" decoding=\"async\" class=\"size-medium wp-image-1859 alignleft\" src=\"http:\/\/blogs.uo.edu.cu\/cvcenit\/wp-content\/uploads\/sites\/9\/2015\/04\/20150429_110410-300x225.jpg\" alt=\"\" width=\"300\" height=\"225\">do como un espacio para dialogar sobre tecnolog\u00eda, innovaci\u00f3n, econom\u00eda y otras ramas del saber, \u201cCiencia en la Mira\u201d, promovido por el Observatorio Cultural C\u00e9nit, estimul\u00f3 este 30 de abril &nbsp;a intercambiar criterios sobre \u201cLa Constituci\u00f3n Cubana, estabilidad y cambios. Desaf\u00edos ante la actualizaci\u00f3n del modelo econ\u00f3mico Social\u201d. El panel estuvo integrado por los profesores de la Facultad de Derecho Dra.C. Danelia Cuti\u00e9 Mustelier, Dr.C. Karel Pachot Zambrano, Dra. C. Caridad Jimen\u00e9z Morales y Dra. C. Martha Loida Zald\u00edvar, quienes tuvieron la oportunidad de debatir sobre el tema con un p\u00fablico integrado por profesores y estudiantes de la universidad.<\/p>\n","protected":false},"excerpt":{"rendered":"<p>Concebido como un espacio para dialogar sobre tecnolog\u00eda, innovaci\u00f3n, econom\u00eda y otras ramas del saber, \u201cCiencia en la Mira\u201d, promovido por el Observatorio Cultural C\u00e9nit, estimul\u00f3 este 30 de abril &nbsp;a intercambiar criterios sobre \u201cLa Constituci\u00f3n Cubana, estabilidad y cambios.&hellip;<\/p>\n<p class=\"more-link-p\"><a class=\"more-link\" href=\"https:\/\/blogs.uo.edu.cu\/cvcenit\/?p=1754\">Read more &rarr;<\/a><\/p>\n","protected":false},"author":5,"featured_media":0,"comment_status":"open","ping_status":"open","sticky":false,"template":"","format":"standard","meta":{"footnotes":""},"categories":[2],"tags":[],"class_list":["post-1754","post","type-post","status-publish","format-standard","hentry","category-ciencia-en-la-mira"],"_links":{"self":[{"href":"https:\/\/blogs.uo.edu.cu\/cvcenit\/index.php?rest_route=\/wp\/v2\/posts\/1754","targetHints":{"allow":["GET"]}}],"collection":[{"href":"https:\/\/blogs.uo.edu.cu\/cvcenit\/index.php?rest_route=\/wp\/v2\/posts"}],"about":[{"href":"https:\/\/blogs.uo.edu.cu\/cvcenit\/index.php?rest_route=\/wp\/v2\/types\/post"}],"author":[{"embeddable":true,"href":"https:\/\/blogs.uo.edu.cu\/cvcenit\/index.php?rest_route=\/wp\/v2\/users\/5"}],"replies":[{"embeddable":true,"href":"https:\/\/blogs.uo.edu.cu\/cvcenit\/index.php?rest_route=%2Fwp%2Fv2%2Fcomments&post=1754"}],"version-history":[{"count":5,"href":"https:\/\/blogs.uo.edu.cu\/cvcenit\/index.php?rest_route=\/wp\/v2\/posts\/1754\/revisions"}],"predecessor-version":[{"id":1860,"href":"https:\/\/blogs.uo.edu.cu\/cvcenit\/index.php?rest_route=\/wp\/v2\/posts\/1754\/revisions\/1860"}],"wp:attachment":[{"href":"https:\/\/blogs.uo.edu.cu\/cvcenit\/index.php?rest_route=%2Fwp%2Fv2%2Fmedia&parent=1754"}],"wp:term":[{"taxonomy":"category","embeddable":true,"href":"https:\/\/blogs.uo.edu.cu\/cvcenit\/index.php?rest_route=%2Fwp%2Fv2%2Fcategories&post=1754"},{"taxonomy":"post_tag","embeddable":true,"href":"https:\/\/blogs.uo.edu.cu\/cvcenit\/index.php?rest_route=%2Fwp%2Fv2%2Ftags&post=1754"}],"curies":[{"name":"wp","href":"https:\/\/api.w.org\/{rel}","templated":true}]}}