{"id":1758,"date":"2015-12-17T16:30:52","date_gmt":"2015-12-17T16:30:52","guid":{"rendered":"http:\/\/blogs.uo.edu.cu\/cvcenit\/?p=1758"},"modified":"2019-01-28T17:07:29","modified_gmt":"2019-01-28T17:07:29","slug":"investigaciones-culturales-en-torno-a-una-ciudad-de-500-anos-de-historia-contribuciones-y-retos-17-diciembre-2015","status":"publish","type":"post","link":"https:\/\/blogs.uo.edu.cu\/cvcenit\/?p=1758","title":{"rendered":"Investigaciones culturales en torno a una ciudad de 500 a\u00f1os de historia: contribuciones y retos. 17 diciembre 2015"},"content":{"rendered":"<div class=\"entry clearfix\">\n<p style=\"text-align: justify\">El pa<img fetchpriority=\"high\" decoding=\"async\" class=\"size-medium wp-image-1778 alignleft\" src=\"http:\/\/blogs.uo.edu.cu\/cvcenit\/wp-content\/uploads\/sites\/9\/2015\/12\/1450445173139-300x225.jpg\" alt=\"\" width=\"300\" height=\"225\">sado 17 de diciembre nuevamente la Universidad de Oriente se adue\u00f1\u00f3 de&nbsp;&nbsp;&nbsp; uno de los espacios santiagueros m\u00e1s populosos, el Parque Serrano, en esta ocasi\u00f3n para intercambiar sobre la ciencia universitaria, en especial sobre los resultados de las l\u00edneas de investigaci\u00f3n m\u00e1s significativas relacionadas con la cultura santiaguera, que se han favorecido desde los programas de maestr\u00eda de Desarrollo Cultural Comunitario y Estudios Cubanos y del Caribe. De esta manera <em>Ciencia en la Mira<\/em> situaba en su agenda el tema \u00a8Investigaciones culturales en torno a una ciudad de 500 a\u00f1os de historia: contribuciones y retos\u00a8.&nbsp;<\/p>\n<\/div>\n<p><!--more--><\/p>\n<p style=\"text-align: justify\">El panel integrado por la Dra. C. Margarita Moncada, la Dra. C. Caridad Frutos Espinosa y la Lic. Yudalmis Reyes Brito introdujeron el di\u00e1logo significando el aporte de egresados de las referidas maestr\u00edas a los estudios hist\u00f3rico-culturales del territorio desde investigaciones en torno a: personalidades de la historia y la cultura como Antonio Maceo, Frank Pa\u00eds, Fernando Boytell, entre otros de gran significaci\u00f3n en la historia local; valores patrimoniales o socioculturales de barriadas santiagueras (Los Hoyos, Sue\u00f1o, El Tivol\u00ed, Sue\u00f1o, Vista Alegre\u2026), el papel de publicaciones, instituciones y sociedades culturales en el Santiago neocolonial; las fiestas patronales y portadores insignes de la cultura popular santiaguera como las congas y comparsas; las denominaciones religiosas y sistemas m\u00e1gico-religiosos presentes en nuestro devenir; entre otros temas que han contribuido a la reconstrucci\u00f3n de la historia local.<\/p>\n<p style=\"text-align: justify\">Los estudios del consumo cultural en especial el consumo del libro, la m\u00fasica y las nuevas tecnolog\u00edas fueron referidos por la Dra. Moncada, quien ponder\u00f3 adem\u00e1s el protagonismo de actores del sistema de cultura santiaguero en investigaciones relativas a la gesti\u00f3n sociocultural de sus instituciones, con propuestas de estrategias, proyectos y otros diversos instrumentos que coadyuvar\u00edan a atender problem\u00e1ticas concretas del entorno comunitario.<\/p>\n<p style=\"text-align: justify\">La Dra. C. Caridad Frutos, manifest\u00f3 su preocupaci\u00f3n sobre \u00a8los d\u00e9ficits de nuestra cultura, particularmente de nuestro comportamiento que es donde se expresan los retos de nuestra formaci\u00f3n cultural\u00a8. \u00a8Tenemos que ser muy cr\u00edticos \u2013afirm\u00f3- y avizorar la marginalidad que se nos viene encima, y eso es anti-cultura\u00a8. A\u00f1adi\u00f3 la importancia de concebir actividades como estas que \u00a8propician muchos o\u00eddos receptivos que pueden hacer mucho\u00a8.<\/p>\n<p style=\"text-align: justify\">En la actividad, concebida como agasajo por el D\u00eda del Trabajador de la Cultura, no faltaron muestras de la cultura tradicional santiaguera, las cuales constituyeron un atractivo dentro de la jornada. Las narradoras orales Bertha Ferrer Esti\u00fa y Georgina Soler -quienes abrieron <em>Ciencia en la Mira <\/em>de manera <em>sui generis<\/em>-, el \u00d3rgano Oriental \u00a8Par\u00eds\u00a8, el trovador y profesor universitario Joanner Bestard y el conjunto m\u00fasico-danzario <em>Casumbi<\/em> -el cual contribuye a la preservaci\u00f3n del complejo de la Rumba, instituido como Patrimonio Nacional- resultaron un regalo no s\u00f3lo a los trabajadores de la cultura sino a quienes poblaban la famosa arteria aquella ma\u00f1ana, esos que tambi\u00e9n portan, preservan y construyen el \u00a8Santiago cultural\u00a8.<\/p>\n","protected":false},"excerpt":{"rendered":"<p>El pasado 17 de diciembre nuevamente la Universidad de Oriente se adue\u00f1\u00f3 de&nbsp;&nbsp;&nbsp; uno de los espacios santiagueros m\u00e1s populosos, el Parque Serrano, en esta ocasi\u00f3n para intercambiar sobre la ciencia universitaria, en especial sobre los resultados de las l\u00edneas&hellip;<\/p>\n<p class=\"more-link-p\"><a class=\"more-link\" href=\"https:\/\/blogs.uo.edu.cu\/cvcenit\/?p=1758\">Read more &rarr;<\/a><\/p>\n","protected":false},"author":5,"featured_media":0,"comment_status":"open","ping_status":"open","sticky":false,"template":"","format":"standard","meta":{"footnotes":""},"categories":[2],"tags":[],"class_list":["post-1758","post","type-post","status-publish","format-standard","hentry","category-ciencia-en-la-mira"],"_links":{"self":[{"href":"https:\/\/blogs.uo.edu.cu\/cvcenit\/index.php?rest_route=\/wp\/v2\/posts\/1758","targetHints":{"allow":["GET"]}}],"collection":[{"href":"https:\/\/blogs.uo.edu.cu\/cvcenit\/index.php?rest_route=\/wp\/v2\/posts"}],"about":[{"href":"https:\/\/blogs.uo.edu.cu\/cvcenit\/index.php?rest_route=\/wp\/v2\/types\/post"}],"author":[{"embeddable":true,"href":"https:\/\/blogs.uo.edu.cu\/cvcenit\/index.php?rest_route=\/wp\/v2\/users\/5"}],"replies":[{"embeddable":true,"href":"https:\/\/blogs.uo.edu.cu\/cvcenit\/index.php?rest_route=%2Fwp%2Fv2%2Fcomments&post=1758"}],"version-history":[{"count":13,"href":"https:\/\/blogs.uo.edu.cu\/cvcenit\/index.php?rest_route=\/wp\/v2\/posts\/1758\/revisions"}],"predecessor-version":[{"id":1835,"href":"https:\/\/blogs.uo.edu.cu\/cvcenit\/index.php?rest_route=\/wp\/v2\/posts\/1758\/revisions\/1835"}],"wp:attachment":[{"href":"https:\/\/blogs.uo.edu.cu\/cvcenit\/index.php?rest_route=%2Fwp%2Fv2%2Fmedia&parent=1758"}],"wp:term":[{"taxonomy":"category","embeddable":true,"href":"https:\/\/blogs.uo.edu.cu\/cvcenit\/index.php?rest_route=%2Fwp%2Fv2%2Fcategories&post=1758"},{"taxonomy":"post_tag","embeddable":true,"href":"https:\/\/blogs.uo.edu.cu\/cvcenit\/index.php?rest_route=%2Fwp%2Fv2%2Ftags&post=1758"}],"curies":[{"name":"wp","href":"https:\/\/api.w.org\/{rel}","templated":true}]}}