{"id":1761,"date":"2016-02-18T16:35:52","date_gmt":"2016-02-18T16:35:52","guid":{"rendered":"http:\/\/blogs.uo.edu.cu\/cvcenit\/?p=1761"},"modified":"2019-01-28T17:04:44","modified_gmt":"2019-01-28T17:04:44","slug":"transformaciones-y-retos-de-la-economia-cubana-18-febrero-2016","status":"publish","type":"post","link":"https:\/\/blogs.uo.edu.cu\/cvcenit\/?p=1761","title":{"rendered":"Transformaciones y retos de la econom\u00eda cubana. 18 febrero 2016"},"content":{"rendered":"<div class=\"entry clearfix\">\n<p style=\"text-align: justify\">El S<img fetchpriority=\"high\" decoding=\"async\" class=\"size-medium wp-image-1766 alignleft\" src=\"http:\/\/blogs.uo.edu.cu\/cvcenit\/wp-content\/uploads\/sites\/9\/2016\/02\/C7A9546-300x200.jpg\" alt=\"\" width=\"300\" height=\"200\">al\u00f3n Azul acogi\u00f3 en la ma\u00f1ana del jueves 18 de febrero a todos los interesados en debatir sobre las transformaciones y retos de la econom\u00eda cubana como parte del espacio \u201cCiencia en la mira\u201d. Especialistas de la Facultad de Ciencias Econ\u00f3micas y Empresariales (FCEE) de la UO expusieron varios trabajos con estad\u00edsticas actualizadas de la tem\u00e1tica propuesta. Datos que hicieron posible a los participantes generar un fruct\u00edfero di\u00e1logo y proponer nuevos puntos de vista en relaci\u00f3n a los indicadores econ\u00f3micos del territorio y el pa\u00eds. El Dr.C. Vicente Escandell Sosa, profesor consultante de la FCEE, expres\u00f3 que \u201choy en d\u00eda el reto de la econom\u00eda sigue siendo el principal reto del pa\u00eds, donde los problemas econ\u00f3micos son problemas pol\u00edticos y a su vez problemas sociales\u201d.<\/p>\n<\/div>\n<p><!--more--><\/p>\n<p style=\"text-align: justify\">Se supo asimismo que actualmente la FCEE est\u00e1 enfocada en estudios relacionados con el desarrollo local. En ese sentido la Dra.C. Marianela Gonz\u00e1lez Ort\u00edz apunt\u00f3 que el estudio del medio ambiente es el sustrato biof\u00edsico de las actividades econ\u00f3micas, ya que cualquier actividad econ\u00f3mica de bienes y servicios se nutre necesariamente del medio ambiente.<\/p>\n<p style=\"text-align: justify\">El evento, organizado por la Direcci\u00f3n de Extensi\u00f3n Universitaria, permiti\u00f3 el intercambio en torno a los resultados de las investigaciones cient\u00edficas relacionadas sobre esos asuntos. El espacio \u201cCiencia en la mira\u201d se efect\u00faa con car\u00e1cter mensual para dar tratamiento a t\u00f3picos de inter\u00e9s y tiene como principal objetivo crear un espacio de socializaci\u00f3n de la ciencia universitaria donde acad\u00e9micos y otras personalidades aproximan &nbsp;los adelantos cient\u00edficos a la vida universitaria.<\/p>\n<p>&nbsp;<\/p>\n<p>&nbsp;<\/p>\n<p>&nbsp;<\/p>\n<p>&nbsp;<\/p>\n","protected":false},"excerpt":{"rendered":"<p>El Sal\u00f3n Azul acogi\u00f3 en la ma\u00f1ana del jueves 18 de febrero a todos los interesados en debatir sobre las transformaciones y retos de la econom\u00eda cubana como parte del espacio \u201cCiencia en la mira\u201d. Especialistas de la Facultad de&hellip;<\/p>\n<p class=\"more-link-p\"><a class=\"more-link\" href=\"https:\/\/blogs.uo.edu.cu\/cvcenit\/?p=1761\">Read more &rarr;<\/a><\/p>\n","protected":false},"author":5,"featured_media":0,"comment_status":"open","ping_status":"open","sticky":false,"template":"","format":"standard","meta":{"footnotes":""},"categories":[2],"tags":[],"class_list":["post-1761","post","type-post","status-publish","format-standard","hentry","category-ciencia-en-la-mira"],"_links":{"self":[{"href":"https:\/\/blogs.uo.edu.cu\/cvcenit\/index.php?rest_route=\/wp\/v2\/posts\/1761","targetHints":{"allow":["GET"]}}],"collection":[{"href":"https:\/\/blogs.uo.edu.cu\/cvcenit\/index.php?rest_route=\/wp\/v2\/posts"}],"about":[{"href":"https:\/\/blogs.uo.edu.cu\/cvcenit\/index.php?rest_route=\/wp\/v2\/types\/post"}],"author":[{"embeddable":true,"href":"https:\/\/blogs.uo.edu.cu\/cvcenit\/index.php?rest_route=\/wp\/v2\/users\/5"}],"replies":[{"embeddable":true,"href":"https:\/\/blogs.uo.edu.cu\/cvcenit\/index.php?rest_route=%2Fwp%2Fv2%2Fcomments&post=1761"}],"version-history":[{"count":20,"href":"https:\/\/blogs.uo.edu.cu\/cvcenit\/index.php?rest_route=\/wp\/v2\/posts\/1761\/revisions"}],"predecessor-version":[{"id":1834,"href":"https:\/\/blogs.uo.edu.cu\/cvcenit\/index.php?rest_route=\/wp\/v2\/posts\/1761\/revisions\/1834"}],"wp:attachment":[{"href":"https:\/\/blogs.uo.edu.cu\/cvcenit\/index.php?rest_route=%2Fwp%2Fv2%2Fmedia&parent=1761"}],"wp:term":[{"taxonomy":"category","embeddable":true,"href":"https:\/\/blogs.uo.edu.cu\/cvcenit\/index.php?rest_route=%2Fwp%2Fv2%2Fcategories&post=1761"},{"taxonomy":"post_tag","embeddable":true,"href":"https:\/\/blogs.uo.edu.cu\/cvcenit\/index.php?rest_route=%2Fwp%2Fv2%2Ftags&post=1761"}],"curies":[{"name":"wp","href":"https:\/\/api.w.org\/{rel}","templated":true}]}}