{"id":1790,"date":"2016-05-18T18:57:23","date_gmt":"2016-05-18T18:57:23","guid":{"rendered":"http:\/\/blogs.uo.edu.cu\/cvcenit\/?p=1790"},"modified":"2019-01-28T16:56:01","modified_gmt":"2019-01-28T16:56:01","slug":"ciencia-y-salud-contribuciones-universitarias-para-una-calidad-de-vida-18-mayo-2016","status":"publish","type":"post","link":"https:\/\/blogs.uo.edu.cu\/cvcenit\/?p=1790","title":{"rendered":"Ciencia y salud. Contribuciones universitarias para una calidad de vida. 18 mayo 2016"},"content":{"rendered":"<p><img fetchpriority=\"high\" decoding=\"async\" class=\"size-medium wp-image-1791 alignleft\" src=\"http:\/\/blogs.uo.edu.cu\/cvcenit\/wp-content\/uploads\/sites\/9\/2019\/01\/IMG_20160518_104955-300x225.jpg\" alt=\"\" width=\"300\" height=\"225\"><\/p>\n<p style=\"text-align: justify\">En el espacio de socializaci\u00f3n cient\u00edfica <b>CIENCIA EN LA MIRA<\/b> realizado el pasado 18 de mayo en la Biblioteca Central de la Universidad de Oriente, se abord\u00f3 el tema <i>Ciencia y salud. Contribuciones universitarias por una calidad de vida. <\/i>El mismo se realiz\u00f3 a trav\u00e9s de un panel integrado por prestigiosas profesoras e investigadoras de la Sede Maceo, quienes dieron a conocer algunos de los aportes de la Universidad a las determinantes sociales de salud.La Dra.C Aimara Reyes Sabor\u00ed, profesora de Psicolog\u00eda de la Facultad de Ciencias Sociales expuso los resultados de su investigaci\u00f3n relacionada con la atenci\u00f3n psicol\u00f3gica a pacientes con padecimientos renales cr\u00f3nicos, en aras de potenciar la adaptaci\u00f3n de los mismos a esta enfermedad y proporcionar su integraci\u00f3n social.<\/p>\n<p style=\"text-align: justify\"><!--more-->La ponente explic\u00f3 que para la materializaci\u00f3n de estos objetivos se puso en pr\u00e1ctica la intervenci\u00f3n grupal, los pares o d\u00faos de ayuda mutua y la consejer\u00eda familiar; acciones que evidenciaron mejoras en muchos aspectos de la vida de los pacientes con los que se trabaj\u00f3 en el Hospital General Juan Bruno Zaya de esta ciudad, quienes eventualmente pudieron afrontar de forma m\u00e1s consciente su enfermedad.<\/p>\n<p style=\"text-align: justify\">En un segundo momento la Dra. C Ilena D\u00edaz Corral, del propio Departamento de Psicolog\u00eda, abord\u00f3 la denominaci\u00f3n y mirada actual a la categor\u00eda Calidad de Vida, exponiendo los resultados de sus estudios sobre este tema. En este sentido plante\u00f3 que al tener en cuenta la coincidencia de las valoraciones individuales del grupo de personas entrevistadas, la condici\u00f3n de estar enfermo o no ya no incide en tener buena o mala calidad de vida, sino el hecho de cumplir con ciertos niveles de satisfacci\u00f3n tras lograr los principales objetivos trazados.<\/p>\n<p style=\"text-align: justify\">De la Facultad de Ciencias Naturales particip\u00f3 en el panel la Dra. C Aurora Z\u00fa\u00f1iga Moro,&nbsp; quien tras hacer una breve caracterizaci\u00f3n de las ciencias farmac\u00e9uticas y sus contribuciones a la salud, dio a conocer algunas de las implementaciones de las investigaciones realizadas por profesores y estudiantes de la carrera Farmacia. As\u00ed se conoci\u00f3 de la atenci\u00f3n diferenciada por farmac\u00e9uticos a pacientes en salas como neurolog\u00eda y oncolog\u00eda en determinados hospitales de nuestra ciudad, quienes al realizarles un seguimiento en la aplicaci\u00f3n de ciertos f\u00e1rmacos permite determinar la efectividad o no de los mismos.<\/p>\n<p style=\"text-align: justify\">Expuso igualmente como aporte de la Facultad la introducci\u00f3n a la ciudad del tratamiento homeop\u00e1tico y de la presencia de muchos profesores de la carrera Farmacia en el trabajo del Laboratorio Oriente para la introducci\u00f3n de la fitoterapia. La Dra. Aurora enfatiz\u00f3 tambi\u00e9n en las investigaciones de conjunto con hom\u00f3logos brasile\u00f1os para lograr mejores insecticidas que no da\u00f1en adem\u00e1s al ecosistema. Mencion\u00f3 por \u00faltimo la labor desempe\u00f1ada por el Grupo Cient\u00edfico Estudiantil <i>Farmacia y Comunidad<\/i>,&nbsp; cuyos integrantes contribuyen a la divulgaci\u00f3n&nbsp; en la comunidad universitaria y el resto de la ciudad sobre el uso correcto de los medicamentos.<\/p>\n<p style=\"text-align: justify\">Por su parte la Dra. Caridad Frutos Espinosa de Marxismo vers\u00f3 su intervenci\u00f3n sobre la labor desarrollada por el referido Departamento en cuanto a las determinantes sociales de salud en las condiciones actuales del pa\u00eds y la importancia de estudiar los motivos que han llevado al crecimiento de las referidas determinantes. Dicha panelista insisti\u00f3 en la necesidad de influir m\u00e1s desde la docencia, los postgrados y las actividades extensionistas en la promoci\u00f3n de salud teniendo en cuenta adem\u00e1s que al decir de nuestro Ap\u00f3stol es mejor prevenir antes que curar.<\/p>\n<p style=\"text-align: justify\">Por \u00faltimo la Dra. Dayana Lescay Blanco abord\u00f3 un tema de suma importancia para toda la sociedad cubana y en especial para la comunidad universitaria, El consumo desmedido de bebidas alcoh\u00f3licas por cuanto hoy es noticia que el 45% de la poblaci\u00f3n ingiere alcohol y la mayor\u00eda son precisamente j\u00f3venes. Insisti\u00f3 no el hecho de dejar de beber sino en la importancia de hacerlo con responsabilidad, y al igual que su predecesora &nbsp;en el panel destac\u00f3 la necesidad de que cada miembro de la Universidad de Oriente propicie espacios e implemente mecanismos para la efectiva promoci\u00f3n de salud y concientizaci\u00f3n sobre los peligros inminentes que trae consigo el uso desmedido del alcohol y otras sustancias perjudiciales para la salud f\u00edsica y mental del individuo.<\/p>\n<p style=\"text-align: justify\">En el momento del debate desde el p\u00fablico se sugiri\u00f3 la publicaci\u00f3n de las anteriores intervenciones por su importancia para la comunidad universitaria, se insisti\u00f3 en la pertinencia de continuar analizando estos temas con mayor sistematizaci\u00f3n y la Dra. Caridad agradeci\u00f3 a la Direcci\u00f3n de Extensi\u00f3n Universitaria por mantener la existencia de un espacio como Ciencia en la Mira que permite, adem\u00e1s de promover los resultados cient\u00edficos de los investigadores de la Universidad, coadyuvar las diferentes ciencias y relacionarse entre s\u00ed.<\/p>\n<p>&nbsp;<\/p>\n","protected":false},"excerpt":{"rendered":"<p>En el espacio de socializaci\u00f3n cient\u00edfica CIENCIA EN LA MIRA realizado el pasado 18 de mayo en la Biblioteca Central de la Universidad de Oriente, se abord\u00f3 el tema Ciencia y salud. Contribuciones universitarias por una calidad de vida. El&hellip;<\/p>\n<p class=\"more-link-p\"><a class=\"more-link\" href=\"https:\/\/blogs.uo.edu.cu\/cvcenit\/?p=1790\">Read more &rarr;<\/a><\/p>\n","protected":false},"author":5,"featured_media":0,"comment_status":"open","ping_status":"open","sticky":false,"template":"","format":"standard","meta":{"footnotes":""},"categories":[2],"tags":[],"class_list":["post-1790","post","type-post","status-publish","format-standard","hentry","category-ciencia-en-la-mira"],"_links":{"self":[{"href":"https:\/\/blogs.uo.edu.cu\/cvcenit\/index.php?rest_route=\/wp\/v2\/posts\/1790","targetHints":{"allow":["GET"]}}],"collection":[{"href":"https:\/\/blogs.uo.edu.cu\/cvcenit\/index.php?rest_route=\/wp\/v2\/posts"}],"about":[{"href":"https:\/\/blogs.uo.edu.cu\/cvcenit\/index.php?rest_route=\/wp\/v2\/types\/post"}],"author":[{"embeddable":true,"href":"https:\/\/blogs.uo.edu.cu\/cvcenit\/index.php?rest_route=\/wp\/v2\/users\/5"}],"replies":[{"embeddable":true,"href":"https:\/\/blogs.uo.edu.cu\/cvcenit\/index.php?rest_route=%2Fwp%2Fv2%2Fcomments&post=1790"}],"version-history":[{"count":2,"href":"https:\/\/blogs.uo.edu.cu\/cvcenit\/index.php?rest_route=\/wp\/v2\/posts\/1790\/revisions"}],"predecessor-version":[{"id":1828,"href":"https:\/\/blogs.uo.edu.cu\/cvcenit\/index.php?rest_route=\/wp\/v2\/posts\/1790\/revisions\/1828"}],"wp:attachment":[{"href":"https:\/\/blogs.uo.edu.cu\/cvcenit\/index.php?rest_route=%2Fwp%2Fv2%2Fmedia&parent=1790"}],"wp:term":[{"taxonomy":"category","embeddable":true,"href":"https:\/\/blogs.uo.edu.cu\/cvcenit\/index.php?rest_route=%2Fwp%2Fv2%2Fcategories&post=1790"},{"taxonomy":"post_tag","embeddable":true,"href":"https:\/\/blogs.uo.edu.cu\/cvcenit\/index.php?rest_route=%2Fwp%2Fv2%2Ftags&post=1790"}],"curies":[{"name":"wp","href":"https:\/\/api.w.org\/{rel}","templated":true}]}}