{"id":1794,"date":"2016-10-27T19:09:30","date_gmt":"2016-10-27T19:09:30","guid":{"rendered":"http:\/\/blogs.uo.edu.cu\/cvcenit\/?p=1794"},"modified":"2019-01-24T19:15:18","modified_gmt":"2019-01-24T19:15:18","slug":"manejo-integrado-versus-cambio-climatico-la-experiencia-del-cemzoc-27-octubre-2016","status":"publish","type":"post","link":"https:\/\/blogs.uo.edu.cu\/cvcenit\/?p=1794","title":{"rendered":"Manejo Integrado versus cambio clim\u00e1tico: la experiencia del CEMZOC. 27 octubre 2016"},"content":{"rendered":"<p><img decoding=\"async\" class=\"size-medium wp-image-1795 alignleft\" src=\"http:\/\/blogs.uo.edu.cu\/cvcenit\/wp-content\/uploads\/sites\/9\/2019\/01\/cemzoc-300x150-300x150.jpg\" alt=\"\" width=\"300\" height=\"150\"><\/p>\n<p style=\"text-align: justify\">El sal\u00f3n \u201c65 aniversario\u201d fue sede este 27 de octubre de un nuevo espacio de Ciencia en la Mira. El tema central fue \u201cEl manejo integrado vs cambio clim\u00e1tico\u201d desde la experiencia del Centro de Estudios Multidisciplinarios de Zonas Costeras<em> (<\/em>CEMZOC) de la Universidad de Oriente.<\/p>\n<p style=\"text-align: justify\">Las Doctoras en Ciencias <a href=\"http:\/\/latablilla.uo.edu.cu\/reconocen-a-investigadores-de-la-uo-con-el-premio-nacional-de-la-academia-de-ciencias\/\">Ofelia P\u00e9rez Montero y Celene Milan\u00e9s Batista<\/a> dieron a conocer los principales resultados de las investigaciones que se realizan en el Centro.<\/p>\n<p><!--more--><\/p>\n<p style=\"text-align: justify\">Sobre los logros vinculados al estudio del impacto de las migraciones en la sostenibilidad costera, P\u00e9rez Montero dijo que \u201ces una importante contribuci\u00f3n para la toma de decisiones en los programas de desarrollo local en municipios como Guam\u00e1, donde los resultados de investigaciones plantean que su poblaci\u00f3n decrece por migraci\u00f3n, es decir, la din\u00e1mica del crecimiento de la poblaci\u00f3n no es la natalidad, es la migraci\u00f3n de la mujeres por encima de la de los hombres, y estos resultados las autoridades locales lo insertan en la toma de decisiones\u201d.<\/p>\n<p style=\"text-align: justify\">La Dra. C. Milan\u00e9s Batista al referirse a su tesis doctoral, \u201cM\u00e9todo integrado para demarcar y delimitar zonas costeras\u201d, expres\u00f3 que \u201ces un resultado de ciencia que tributa a las prioridades nacionales que hoy tienen los Organismos de la Administraci\u00f3n Central del Estado, es un resultado que integra en un solo instrumento de planificaci\u00f3n territorial, variables que de manera hol\u00edstica han sido consideradas para planificar el territorio costero\u201d.<\/p>\n<p style=\"text-align: justify\">\u201cAdem\u00e1s, muestra las buenas pr\u00e1cticas de los problemas de riesgo que ha tenido Santiago de Cuba y como ha sido enfrentado, d\u00edgase los sismos, tormentas y huracanes. Todo esto ha sido divulgado a trav\u00e9s de la Red iberoamericana de manejo integrado de zonas costeras de la cual nuestra Universidad forma parte\u201d, agreg\u00f3.<\/p>\n<p style=\"text-align: justify\">Durante el intercambio se proyectaron fragmentos de los documentales \u201cGuam\u00e1 entre el mar y la tierra\u201d y \u201cSan Antonio del Sur la tierra que renace\u201d, muestras de los resultados alcanzados por el CEMZOC en esas zonas costeras.<\/p>\n<p style=\"text-align: justify\">Al encuentro asistieron estudiantes de la maestr\u00eda de \u201cManejo integrado de zonas costeras\u201d y del grupo cient\u00edfico de investigaci\u00f3n ambiental.<\/p>\n","protected":false},"excerpt":{"rendered":"<p>El sal\u00f3n \u201c65 aniversario\u201d fue sede este 27 de octubre de un nuevo espacio de Ciencia en la Mira. El tema central fue \u201cEl manejo integrado vs cambio clim\u00e1tico\u201d desde la experiencia del Centro de Estudios Multidisciplinarios de Zonas Costeras&hellip;<\/p>\n<p class=\"more-link-p\"><a class=\"more-link\" href=\"https:\/\/blogs.uo.edu.cu\/cvcenit\/?p=1794\">Read more &rarr;<\/a><\/p>\n","protected":false},"author":5,"featured_media":0,"comment_status":"open","ping_status":"open","sticky":false,"template":"","format":"standard","meta":{"footnotes":""},"categories":[2],"tags":[],"class_list":["post-1794","post","type-post","status-publish","format-standard","hentry","category-ciencia-en-la-mira"],"_links":{"self":[{"href":"https:\/\/blogs.uo.edu.cu\/cvcenit\/index.php?rest_route=\/wp\/v2\/posts\/1794","targetHints":{"allow":["GET"]}}],"collection":[{"href":"https:\/\/blogs.uo.edu.cu\/cvcenit\/index.php?rest_route=\/wp\/v2\/posts"}],"about":[{"href":"https:\/\/blogs.uo.edu.cu\/cvcenit\/index.php?rest_route=\/wp\/v2\/types\/post"}],"author":[{"embeddable":true,"href":"https:\/\/blogs.uo.edu.cu\/cvcenit\/index.php?rest_route=\/wp\/v2\/users\/5"}],"replies":[{"embeddable":true,"href":"https:\/\/blogs.uo.edu.cu\/cvcenit\/index.php?rest_route=%2Fwp%2Fv2%2Fcomments&post=1794"}],"version-history":[{"count":1,"href":"https:\/\/blogs.uo.edu.cu\/cvcenit\/index.php?rest_route=\/wp\/v2\/posts\/1794\/revisions"}],"predecessor-version":[{"id":1796,"href":"https:\/\/blogs.uo.edu.cu\/cvcenit\/index.php?rest_route=\/wp\/v2\/posts\/1794\/revisions\/1796"}],"wp:attachment":[{"href":"https:\/\/blogs.uo.edu.cu\/cvcenit\/index.php?rest_route=%2Fwp%2Fv2%2Fmedia&parent=1794"}],"wp:term":[{"taxonomy":"category","embeddable":true,"href":"https:\/\/blogs.uo.edu.cu\/cvcenit\/index.php?rest_route=%2Fwp%2Fv2%2Fcategories&post=1794"},{"taxonomy":"post_tag","embeddable":true,"href":"https:\/\/blogs.uo.edu.cu\/cvcenit\/index.php?rest_route=%2Fwp%2Fv2%2Ftags&post=1794"}],"curies":[{"name":"wp","href":"https:\/\/api.w.org\/{rel}","templated":true}]}}