{"id":1797,"date":"2017-01-19T19:33:58","date_gmt":"2017-01-19T19:33:58","guid":{"rendered":"http:\/\/blogs.uo.edu.cu\/cvcenit\/?p=1797"},"modified":"2019-01-24T19:37:58","modified_gmt":"2019-01-24T19:37:58","slug":"primicias-y-curiosidades-de-las-ciencias-en-santiago-de-cuba-19-enero-2017","status":"publish","type":"post","link":"https:\/\/blogs.uo.edu.cu\/cvcenit\/?p=1797","title":{"rendered":"Primicias y Curiosidades de las Ciencias en Santiago de Cuba. 19 enero 2017"},"content":{"rendered":"<p><img decoding=\"async\" class=\" wp-image-1798 alignleft\" src=\"http:\/\/blogs.uo.edu.cu\/cvcenit\/wp-content\/uploads\/sites\/9\/2019\/01\/primicias-ciencias-santiaguera-202x300.jpg\" alt=\"\" width=\"172\" height=\"248\"><\/p>\n<p>&nbsp;<\/p>\n<p style=\"text-align: justify\">Incluido en un diverso grupo de acciones para celebrar el D\u00eda de la Ciencia Cubana, se desarroll\u00f3 el espacio de socializaci\u00f3n cient\u00edfica Ciencia en la Mira, organizado por el Observatorio Cultural de la Direcci\u00f3n de Extensi\u00f3n de la Universidad de Oriente.<\/p>\n<p style=\"text-align: justify\">En esta ocasi\u00f3n el tema de debate fue \u201cPrimicias y curiosidades de las ciencias en Santiago de Cuba\u201d a partir de un libro de igual t\u00edtulo creado por el Dr. C Giovanni L. Villal\u00f3n Garc\u00eda, investigador y profesor de la Universidad de Oriente, uno de los invitados del espacio, adem\u00e1s del Dr. C. Israel Escalona, otro destacado profesor de&nbsp; esta Casa de Altos Estudios quien introdujo el tema en cuesti\u00f3n.<\/p>\n<p>&nbsp;<\/p>\n<p><!--more--><\/p>\n<p style=\"text-align: justify\">Al decir de los panelistas, los antecedentes de este texto fueron proyectos como <i>Historia de la ciencia y la tecnolog\u00eda<\/i>, desarrollado entre los a\u00f1os 2006 y 2009, <i>Estudio de personalidades de las ciencias de Santiago de Cuba <\/i>y <i>50 x 50,<\/i> que se dirigi\u00f3 a estudiar m\u00e1s de un centenar de resultados significativos en los primeros cincuenta a\u00f1os de la Revoluci\u00f3n.<\/p>\n<p style=\"text-align: justify\">Estas incursiones en los anales de las ciencias santiagueras fungieron como referente fundamental para extraer acontecimientos, situaciones y hechos que con un car\u00e1cter de primicia o curiosidad, en el contexto nacional o local, relacionados con la ciencia y la tecnolog\u00eda.<\/p>\n<p style=\"text-align: justify\">El libro, que al decir de su autor tendr\u00e1 una segunda parte, posee cuatro cap\u00edtulos que esbozan, por ejemplo, hitos en la actuaci\u00f3n de importantes figuras de las ciencias santiagueras, una relaci\u00f3n de los primeros Doctores en Ciencias de Cuba en sus especialidades o aquellos significativos momentos hist\u00f3ricos recogidos en la literatura cient\u00edfica santiaguera as\u00ed como \u201cOtros hechos en la historia de la ciencia y la tecnolog\u00eda en Santiago de Cuba\u201d como titulara al cuarto y \u00faltimo cap\u00edtulo.<\/p>\n<p style=\"text-align: justify\">Al decir del pr\u00f3logo creado por la Dra. C. Alicia Mart\u00ednez, esta es&nbsp; <i>una obra que rinde tributo a Santiago de Cuba, la siempre Muy Noble y Muy Leal, y a sus santiagueros nativos y adoptados, y de manera especial a los protagonistas de este libro, por contribuir a hacer de la ciudad un espacio de indagaci\u00f3n emp\u00edrica y cient\u00edfica.<\/i><\/p>\n<p style=\"text-align: justify\">Lo cierto es que investigaciones como esta se agradecen siempre por sacar a la luz p\u00fablica la labor desplegada por hombres y mujeres de ciencia que responden a esa pol\u00edtica de formaci\u00f3n humana y desarrollo profesional y cient\u00edfico de la Revoluci\u00f3n, que esbozara Fidel Castro el 15 de enero de 1960 en la celebraci\u00f3n del vig\u00e9simo aniversario de la Sociedad Espeleol\u00f3gica de Cuba, fecha a partir de la cual se celebra cada a\u00f1o el <b>D\u00eda de la Ciencia Cubana<\/b>.<\/p>\n<p style=\"text-align: justify\">En esa ocasi\u00f3n el l\u00edder hist\u00f3rico de Cuba expres\u00f3: \u201cEl futuro de nuestro pa\u00eds tiene que ser necesariamente un futuro de hombres de Ciencia, un futuro de hombres de pensamiento\u201d y a esta m\u00e1xima se han aferrado muchos santiagueros cuya labor se promueve hoy a trav\u00e9s del libro de Giovanni L. Villal\u00f3n, difundiendo la labor de muchas figuras de la historia de la ciencia santiaguera, en gran medida apenas conocidas.<\/p>\n","protected":false},"excerpt":{"rendered":"<p>&nbsp; Incluido en un diverso grupo de acciones para celebrar el D\u00eda de la Ciencia Cubana, se desarroll\u00f3 el espacio de socializaci\u00f3n cient\u00edfica Ciencia en la Mira, organizado por el Observatorio Cultural de la Direcci\u00f3n de Extensi\u00f3n de la Universidad&hellip;<\/p>\n<p class=\"more-link-p\"><a class=\"more-link\" href=\"https:\/\/blogs.uo.edu.cu\/cvcenit\/?p=1797\">Read more &rarr;<\/a><\/p>\n","protected":false},"author":5,"featured_media":0,"comment_status":"open","ping_status":"open","sticky":false,"template":"","format":"standard","meta":{"footnotes":""},"categories":[2],"tags":[],"class_list":["post-1797","post","type-post","status-publish","format-standard","hentry","category-ciencia-en-la-mira"],"_links":{"self":[{"href":"https:\/\/blogs.uo.edu.cu\/cvcenit\/index.php?rest_route=\/wp\/v2\/posts\/1797","targetHints":{"allow":["GET"]}}],"collection":[{"href":"https:\/\/blogs.uo.edu.cu\/cvcenit\/index.php?rest_route=\/wp\/v2\/posts"}],"about":[{"href":"https:\/\/blogs.uo.edu.cu\/cvcenit\/index.php?rest_route=\/wp\/v2\/types\/post"}],"author":[{"embeddable":true,"href":"https:\/\/blogs.uo.edu.cu\/cvcenit\/index.php?rest_route=\/wp\/v2\/users\/5"}],"replies":[{"embeddable":true,"href":"https:\/\/blogs.uo.edu.cu\/cvcenit\/index.php?rest_route=%2Fwp%2Fv2%2Fcomments&post=1797"}],"version-history":[{"count":2,"href":"https:\/\/blogs.uo.edu.cu\/cvcenit\/index.php?rest_route=\/wp\/v2\/posts\/1797\/revisions"}],"predecessor-version":[{"id":1800,"href":"https:\/\/blogs.uo.edu.cu\/cvcenit\/index.php?rest_route=\/wp\/v2\/posts\/1797\/revisions\/1800"}],"wp:attachment":[{"href":"https:\/\/blogs.uo.edu.cu\/cvcenit\/index.php?rest_route=%2Fwp%2Fv2%2Fmedia&parent=1797"}],"wp:term":[{"taxonomy":"category","embeddable":true,"href":"https:\/\/blogs.uo.edu.cu\/cvcenit\/index.php?rest_route=%2Fwp%2Fv2%2Fcategories&post=1797"},{"taxonomy":"post_tag","embeddable":true,"href":"https:\/\/blogs.uo.edu.cu\/cvcenit\/index.php?rest_route=%2Fwp%2Fv2%2Ftags&post=1797"}],"curies":[{"name":"wp","href":"https:\/\/api.w.org\/{rel}","templated":true}]}}