{"id":1801,"date":"2017-03-02T15:00:35","date_gmt":"2017-03-02T15:00:35","guid":{"rendered":"http:\/\/blogs.uo.edu.cu\/cvcenit\/?p=1801"},"modified":"2019-01-28T15:08:25","modified_gmt":"2019-01-28T15:08:25","slug":"dinamica-demografica-en-cuba-actualidad-y-tendencias-2-marzo-2017","status":"publish","type":"post","link":"https:\/\/blogs.uo.edu.cu\/cvcenit\/?p=1801","title":{"rendered":"Din\u00e1mica Demogr\u00e1fica en Cuba: actualidad y tendencias. 2 marzo 2017"},"content":{"rendered":"<p><img fetchpriority=\"high\" decoding=\"async\" class=\"size-medium wp-image-1802 alignleft\" src=\"http:\/\/blogs.uo.edu.cu\/cvcenit\/wp-content\/uploads\/sites\/9\/2019\/01\/ciencia-en-la-mira-marzo-2017-300x182.jpg\" alt=\"\" width=\"300\" height=\"182\"><\/p>\n<p style=\"text-align: justify\">\u201cLa ciencia tiene que ser capaz de poner los resultados en funci\u00f3n del desarrollo, de tal modo que la sociedad y la pol\u00edtica lo entiendan\u201d. As\u00ed iniciaba este jueves el intercambio del Dr. Antonio Aja D\u00edaz, Director del Centro de Estudios Demogr\u00e1ficos (CEDEM) con estudiantes y acad\u00e9micos de la Universidad de Oriente, en una&nbsp; nueva edici\u00f3n de Ciencia en la Mira. Aja explic\u00f3 que hoy la din\u00e1mica demogr\u00e1fica del pa\u00eds se examina en una estrategia nacional que, desde grupos espec\u00edficos de trabajo, atiende J\u00f3venes, Migraci\u00f3n, Envejecimiento y Grupos Vulnerables.<\/p>\n<p><!--more--><\/p>\n<p style=\"text-align: justify\">Si bien este no es un asunto nuevo para Cuba, a la pregunta de \u00bfCu\u00e1les pueden ser estas pol\u00edticas? el catedr\u00e1tico explic\u00f3 que el reto es la integraci\u00f3n, pues las din\u00e1micas demogr\u00e1ficas del pa\u00eds siempre se han atendido por separado desde enfoques de salud, g\u00e9nero, calidad de vida y otros, sin embargo es necesario que todo se integre en una sola pol\u00edtica y para eso hay que preparar las mentalidades.<\/p>\n<p style=\"text-align: justify\">La urgencia radica \u2013 dijo \u2013 en que para 2018, por ejemplo, ser\u00e1n menos las personas en edad laboral en Cuba y m\u00e1s quienes pasen de 65 a\u00f1os. Este es un pa\u00eds en el que la migraci\u00f3n supera la cifra de 40 mil personas anualmente y no hablamos solo de ahora, la emigraci\u00f3n ha sido una constante en Cuba desde 1930, explic\u00f3.<\/p>\n<p style=\"text-align: justify\">Respecto a Santiago de Cuba, el Dr. Aja precis\u00f3 a la prensa que es imprescindible mostrar la importancia de los estudios demogr\u00e1ficos en la provincia y reconocer las oportunidades y amenazas que tiene desde el punto de vista demogr\u00e1fico. En la medida de lo posible los planes de desarrollo y las estrategias deben buscar que la poblaci\u00f3n no migre tanto, se necesita a la poblaci\u00f3n en los territorios, que las zonas rurales se pueblen y se pueblen con j\u00f3venes. Adem\u00e1s, utilizar toda la ciencia que existe en el territorio en funci\u00f3n de los estudios de poblaci\u00f3n y que se conozcan, que el gobierno y las instancias del partido los tengan en su mano para poder tomar decisiones.<\/p>\n<p style=\"text-align: justify\">-\u00bfQu\u00e9 lugar ocupa Santiago de Cuba dentro de la estrategia nacional de los estudios de poblaci\u00f3n, desde las perspectivas del Centro de Estudios Demogr\u00e1ficos?<\/p>\n<p style=\"text-align: justify\">\u201cEs una prioridad, por la calidad de Santiago de Cuba. Esta es una provincia con un escenario todav\u00eda favorable por el nivel de envejecimiento que no es tan avanzado como en otras provincias. Tiene adem\u00e1s una voluntad pol\u00edtica muy fuerte que estamos aprovechando para que los planes y las estrategias de desarrollo potencien el desarrollo mismo de la poblaci\u00f3n\u201d.<\/p>\n<p style=\"text-align: justify\">Al intercambio asisti\u00f3 tambi\u00e9n la Dra. Ileana Ben\u00edtez Jim\u00e9nez, coordinadora del CEDEM en Santiago de Cuba y la Dra. Matilde Molina Cintra. Ambas mostraron la preocupaci\u00f3n de los expertos por el despoblamiento del campo cubano y las altas tasas de fecundidad adolescente que hoy muestran varios municipios del pa\u00eds, algunos tan altas que solo se les compara con regiones en \u00c1frica.<\/p>\n<p style=\"text-align: justify\">En el intercambio se presentaron, adem\u00e1s, las m\u00e1s recientes publicaciones de este Centro de Estudios y se anunci\u00f3 que ya est\u00e1 montado un gran sistema de maestr\u00eda y doctorado concebido para la formaci\u00f3n de profesionales de diversas \u00e1reas, interesados en la tem\u00e1tica demogr\u00e1fica.<\/p>\n","protected":false},"excerpt":{"rendered":"<p>\u201cLa ciencia tiene que ser capaz de poner los resultados en funci\u00f3n del desarrollo, de tal modo que la sociedad y la pol\u00edtica lo entiendan\u201d. As\u00ed iniciaba este jueves el intercambio del Dr. Antonio Aja D\u00edaz, Director del Centro de&hellip;<\/p>\n<p class=\"more-link-p\"><a class=\"more-link\" href=\"https:\/\/blogs.uo.edu.cu\/cvcenit\/?p=1801\">Read more &rarr;<\/a><\/p>\n","protected":false},"author":5,"featured_media":0,"comment_status":"open","ping_status":"open","sticky":false,"template":"","format":"standard","meta":{"footnotes":""},"categories":[2],"tags":[],"class_list":["post-1801","post","type-post","status-publish","format-standard","hentry","category-ciencia-en-la-mira"],"_links":{"self":[{"href":"https:\/\/blogs.uo.edu.cu\/cvcenit\/index.php?rest_route=\/wp\/v2\/posts\/1801","targetHints":{"allow":["GET"]}}],"collection":[{"href":"https:\/\/blogs.uo.edu.cu\/cvcenit\/index.php?rest_route=\/wp\/v2\/posts"}],"about":[{"href":"https:\/\/blogs.uo.edu.cu\/cvcenit\/index.php?rest_route=\/wp\/v2\/types\/post"}],"author":[{"embeddable":true,"href":"https:\/\/blogs.uo.edu.cu\/cvcenit\/index.php?rest_route=\/wp\/v2\/users\/5"}],"replies":[{"embeddable":true,"href":"https:\/\/blogs.uo.edu.cu\/cvcenit\/index.php?rest_route=%2Fwp%2Fv2%2Fcomments&post=1801"}],"version-history":[{"count":1,"href":"https:\/\/blogs.uo.edu.cu\/cvcenit\/index.php?rest_route=\/wp\/v2\/posts\/1801\/revisions"}],"predecessor-version":[{"id":1803,"href":"https:\/\/blogs.uo.edu.cu\/cvcenit\/index.php?rest_route=\/wp\/v2\/posts\/1801\/revisions\/1803"}],"wp:attachment":[{"href":"https:\/\/blogs.uo.edu.cu\/cvcenit\/index.php?rest_route=%2Fwp%2Fv2%2Fmedia&parent=1801"}],"wp:term":[{"taxonomy":"category","embeddable":true,"href":"https:\/\/blogs.uo.edu.cu\/cvcenit\/index.php?rest_route=%2Fwp%2Fv2%2Fcategories&post=1801"},{"taxonomy":"post_tag","embeddable":true,"href":"https:\/\/blogs.uo.edu.cu\/cvcenit\/index.php?rest_route=%2Fwp%2Fv2%2Ftags&post=1801"}],"curies":[{"name":"wp","href":"https:\/\/api.w.org\/{rel}","templated":true}]}}