{"id":1810,"date":"2017-12-21T15:45:25","date_gmt":"2017-12-21T15:45:25","guid":{"rendered":"http:\/\/blogs.uo.edu.cu\/cvcenit\/?p=1810"},"modified":"2019-01-28T15:50:47","modified_gmt":"2019-01-28T15:50:47","slug":"la-pedagogia-hoy-respuesta-a-los-desafios-de-la-educacion-cubana-actual-21-diciembre-2017","status":"publish","type":"post","link":"https:\/\/blogs.uo.edu.cu\/cvcenit\/?p=1810","title":{"rendered":"La pedagog\u00eda hoy, respuesta a los desaf\u00edos de la educaci\u00f3n cubana actual. 21 diciembre 2017"},"content":{"rendered":"<p><img decoding=\"async\" class=\"size-medium wp-image-1811 alignleft\" src=\"http:\/\/blogs.uo.edu.cu\/cvcenit\/wp-content\/uploads\/sites\/9\/2019\/01\/ciencia-en-la-mira-dic-2017-300x150.jpg\" alt=\"\" width=\"300\" height=\"150\"><\/p>\n<p style=\"text-align: justify\">Concebido como un espacio para dialogar sobre tecnolog\u00eda, innovaci\u00f3n, medio ambiente y otras ramas del saber, \u201cCiencia en la mira\u201d se ha convertido en un referente obligatorio a la hora de hablar de estos t\u00f3picos en la Universidad de Oriente.En esta ocasi\u00f3n fue el escenario elegido para dialogar sobre los retos y desaf\u00edos que enfrenta la Educaci\u00f3n Superior cubana en la actualidad. El vertiginoso desarrollo de la ciencia y la t\u00e9cnica contempor\u00e1nea en la realidad del pa\u00eds, deriva la satisfacci\u00f3n de nuevas necesidades, lo que conlleva a un continuo perfeccionamiento de todo el sistema educativo en correspondencia con las exigencias de nuestro pueblo.<\/p>\n<p><!--more--><\/p>\n<p style=\"text-align: justify\">Durante el encuentro la Dra.C. Maribel Ferrer Vicente, vicerrectora docente del centro explic\u00f3, que las clases y las aulas no se parecen en nada a las de otros d\u00edas. Los j\u00f3venes de hoy no tienen nada que ver con los de otras \u00e9pocas. De ah\u00ed la necesidad de fomentar el proceso participativo entre estudiantes y profesores que propicie el conocimiento cient\u00edfico y metodol\u00f3gico de los egresados.<\/p>\n<p style=\"text-align: justify\">Estimular el aprendizaje aut\u00f3nomo de los alumnos, incentivar el uso de las nuevas tecnolog\u00edas y actualizar los libros de textos b\u00e1sicos de cada carrera, constituyen algunas de las acciones para formar profesionales cada vez m\u00e1s integrales en el pa\u00eds.<\/p>\n<p style=\"text-align: justify\">El Dr.Cs. Homero Fuentes Gonz\u00e1lez precis\u00f3, que la Alma Mater oriental debe desarrollar a sus hombres y mujeres como ciudadanos comprometidos con su identidad cultural, capaces de incorporar los saberes universales a su entorno, como caldo nutricio para la interpretaci\u00f3n del contexto hist\u00f3rico, social y cultural en el cual se insertan.<\/p>\n<p style=\"text-align: justify\">Por su parte la Dra.Cs. Aleyda M\u00e1rquez Rodr\u00edguez resalt\u00f3, que la universidad debe proyectarse como un centro de pensamiento cr\u00edtico, que permita guiar a la sociedad frente a los dis\u00edmiles procesos que se generan en la sociedad.<\/p>\n<p style=\"text-align: justify\">En cambio el Dr.C. Osmany Justis Catt resalt\u00f3 la importancia de elevar los resultados y la calidad del ingreso a la Educaci\u00f3n Superior. Dijo adem\u00e1s, que del 91.8% de los estudiantes que ingresan a la ense\u00f1anza superior solo el 29.5% lo hace en carreras de ciencias, mientras el 11.6% se decanta por carreras pedag\u00f3gicas.<\/p>\n<p style=\"text-align: justify\">El espacio fue escenario tambi\u00e9n para la entrega de los certificados a los graduados del posdoctorado: Gesti\u00f3n Cient\u00edfica de la formaci\u00f3n de investigadores.<\/p>\n<p style=\"text-align: justify\">Fueron presentados adem\u00e1s, los principales resultados cient\u00edficos-pedag\u00f3gicos de la Universidad de Oriente, entre los que destacan los obtenidos por el Centro de Estudios Pedag\u00f3gicos Manuel F. Gran, El Proyecto NODOS, INCLUSOC y Armon\u00eda, entre otros.<\/p>\n<p style=\"text-align: justify\">La educaci\u00f3n cubana demanda en la actualidad de transformaciones que incidan en los m\u00e9todos y contenidos de los planes de trabajo y programas de estudios, as\u00ed como del papel del docente en el proceso de ense\u00f1anza-aprendizaje. El Ministerio de Educaci\u00f3n Superior aboga por fomentar una educaci\u00f3n de calidad, creativa, cient\u00edfica, tecnol\u00f3gica y humanista.<\/p>\n","protected":false},"excerpt":{"rendered":"<p>Concebido como un espacio para dialogar sobre tecnolog\u00eda, innovaci\u00f3n, medio ambiente y otras ramas del saber, \u201cCiencia en la mira\u201d se ha convertido en un referente obligatorio a la hora de hablar de estos t\u00f3picos en la Universidad de Oriente.En&hellip;<\/p>\n<p class=\"more-link-p\"><a class=\"more-link\" href=\"https:\/\/blogs.uo.edu.cu\/cvcenit\/?p=1810\">Read more &rarr;<\/a><\/p>\n","protected":false},"author":5,"featured_media":0,"comment_status":"open","ping_status":"open","sticky":false,"template":"","format":"standard","meta":{"footnotes":""},"categories":[2],"tags":[],"class_list":["post-1810","post","type-post","status-publish","format-standard","hentry","category-ciencia-en-la-mira"],"_links":{"self":[{"href":"https:\/\/blogs.uo.edu.cu\/cvcenit\/index.php?rest_route=\/wp\/v2\/posts\/1810","targetHints":{"allow":["GET"]}}],"collection":[{"href":"https:\/\/blogs.uo.edu.cu\/cvcenit\/index.php?rest_route=\/wp\/v2\/posts"}],"about":[{"href":"https:\/\/blogs.uo.edu.cu\/cvcenit\/index.php?rest_route=\/wp\/v2\/types\/post"}],"author":[{"embeddable":true,"href":"https:\/\/blogs.uo.edu.cu\/cvcenit\/index.php?rest_route=\/wp\/v2\/users\/5"}],"replies":[{"embeddable":true,"href":"https:\/\/blogs.uo.edu.cu\/cvcenit\/index.php?rest_route=%2Fwp%2Fv2%2Fcomments&post=1810"}],"version-history":[{"count":1,"href":"https:\/\/blogs.uo.edu.cu\/cvcenit\/index.php?rest_route=\/wp\/v2\/posts\/1810\/revisions"}],"predecessor-version":[{"id":1812,"href":"https:\/\/blogs.uo.edu.cu\/cvcenit\/index.php?rest_route=\/wp\/v2\/posts\/1810\/revisions\/1812"}],"wp:attachment":[{"href":"https:\/\/blogs.uo.edu.cu\/cvcenit\/index.php?rest_route=%2Fwp%2Fv2%2Fmedia&parent=1810"}],"wp:term":[{"taxonomy":"category","embeddable":true,"href":"https:\/\/blogs.uo.edu.cu\/cvcenit\/index.php?rest_route=%2Fwp%2Fv2%2Fcategories&post=1810"},{"taxonomy":"post_tag","embeddable":true,"href":"https:\/\/blogs.uo.edu.cu\/cvcenit\/index.php?rest_route=%2Fwp%2Fv2%2Ftags&post=1810"}],"curies":[{"name":"wp","href":"https:\/\/api.w.org\/{rel}","templated":true}]}}