{"id":1817,"date":"2018-05-24T16:09:13","date_gmt":"2018-05-24T16:09:13","guid":{"rendered":"http:\/\/blogs.uo.edu.cu\/cvcenit\/?p=1817"},"modified":"2019-01-28T16:14:28","modified_gmt":"2019-01-28T16:14:28","slug":"las-investigaciones-de-las-ciencias-economicas-y-empresariales-en-respuesta-a-la-actualizacion-del-modelo-economico-cubano-24-mayo-2018","status":"publish","type":"post","link":"https:\/\/blogs.uo.edu.cu\/cvcenit\/?p=1817","title":{"rendered":"Las Investigaciones de las Ciencias Econ\u00f3micas y Empresariales en respuesta a la actualizaci\u00f3n del modelo econ\u00f3mico cubano. 24 mayo 2018"},"content":{"rendered":"<p><img decoding=\"async\" class=\"size-medium wp-image-1818 alignleft\" src=\"http:\/\/blogs.uo.edu.cu\/cvcenit\/wp-content\/uploads\/sites\/9\/2019\/01\/ciencia-en-la-mira-mayo-2018-300x150.jpg\" alt=\"\" width=\"300\" height=\"150\"><\/p>\n<p>Concebido como un espacio para dialogar sobre tecnolog\u00eda, innovaci\u00f3n, econom\u00eda y otras ramas del saber, \u201cCiencia en la mira\u201d se ha convertido en un referente obligatorio a la hora de hablar de estos t\u00f3picos en la Universidad de Oriente. En esta ocasi\u00f3n fue el escenario elegido para la socializaci\u00f3n de las experiencias alcanzadas en las investigaciones econ\u00f3micas y empresariales en respuesta a la actualizaci\u00f3n del modelo econ\u00f3mico cubano. Se entiende por actualizaci\u00f3n del modelo econ\u00f3mico cubano el proceso mediante el cual se pone a tono, con las circunstancias concretas de los \u00faltimos a\u00f1os, el modo de organizaci\u00f3n y funcionamiento de la econom\u00eda, como fundamento de la sociedad a la que aspira Cuba.<\/p>\n<p><!--more--><\/p>\n<p>Los doctores Ulises Pacheco Feria y Jos\u00e9 Armando Estrada Hern\u00e1ndez, panelistas del encuentro, enumeraron las concepciones esenciales para impulsar el desarrollo socioecon\u00f3mico conforme con las aspiraciones y particularidades actuales del proceso revolucionario cubano. Tambi\u00e9n abordaron los objetivos estrat\u00e9gicos del mismo entre los que destacan garantizar la irreversibilidad y continuidad de nuestro socialismo afianzando los principios que lo sustentan, as\u00ed como, el desarrollo econ\u00f3mico y la elevaci\u00f3n de la calidad de vida de la poblaci\u00f3n.<\/p>\n<p>Pacheco Feria explic\u00f3 que las relaciones de propiedad sobre los medios de producci\u00f3n definen la naturaleza de todo sistema socioecon\u00f3mico, dado que la forma de propiedad dominante condiciona las relaciones de producci\u00f3n, distribuci\u00f3n, cambio y consumo del pa\u00eds.<\/p>\n<p>Por su parte Estrada Hern\u00e1ndez insisti\u00f3 en que Cuba debe consolidar el mercado monetario, cambiario y financiero; aumentar las exportaciones de servicios profesionales y mantener las exportaciones de n\u00edquel, tabaco, az\u00facar y servicios farmac\u00e9uticos, entre otros.<\/p>\n<p>Los conferencistas recalcaron la necesidad de potenciar la cultura comercial y tecnol\u00f3gica de los ciudadanos como herramienta para seguir consolidando el proyecto econ\u00f3mico y social de la Mayor de las Antillas.<\/p>\n<p>La econom\u00eda cubana actual afronta nuevos retos que determinar\u00e1n el camino a seguir, sin embargo los cubanos &nbsp;con absoluta confianza en el futuro, convencidos de que con nuestros propios esfuerzos s\u00ed se puede superar cualquier obst\u00e1culo, continuaremos el desarrollo del pa\u00eds para consolidar los logros de la Revoluci\u00f3n.<\/p>\n","protected":false},"excerpt":{"rendered":"<p>Concebido como un espacio para dialogar sobre tecnolog\u00eda, innovaci\u00f3n, econom\u00eda y otras ramas del saber, \u201cCiencia en la mira\u201d se ha convertido en un referente obligatorio a la hora de hablar de estos t\u00f3picos en la Universidad de Oriente. En&hellip;<\/p>\n<p class=\"more-link-p\"><a class=\"more-link\" href=\"https:\/\/blogs.uo.edu.cu\/cvcenit\/?p=1817\">Read more &rarr;<\/a><\/p>\n","protected":false},"author":5,"featured_media":0,"comment_status":"open","ping_status":"open","sticky":false,"template":"","format":"standard","meta":{"footnotes":""},"categories":[2],"tags":[],"class_list":["post-1817","post","type-post","status-publish","format-standard","hentry","category-ciencia-en-la-mira"],"_links":{"self":[{"href":"https:\/\/blogs.uo.edu.cu\/cvcenit\/index.php?rest_route=\/wp\/v2\/posts\/1817","targetHints":{"allow":["GET"]}}],"collection":[{"href":"https:\/\/blogs.uo.edu.cu\/cvcenit\/index.php?rest_route=\/wp\/v2\/posts"}],"about":[{"href":"https:\/\/blogs.uo.edu.cu\/cvcenit\/index.php?rest_route=\/wp\/v2\/types\/post"}],"author":[{"embeddable":true,"href":"https:\/\/blogs.uo.edu.cu\/cvcenit\/index.php?rest_route=\/wp\/v2\/users\/5"}],"replies":[{"embeddable":true,"href":"https:\/\/blogs.uo.edu.cu\/cvcenit\/index.php?rest_route=%2Fwp%2Fv2%2Fcomments&post=1817"}],"version-history":[{"count":3,"href":"https:\/\/blogs.uo.edu.cu\/cvcenit\/index.php?rest_route=\/wp\/v2\/posts\/1817\/revisions"}],"predecessor-version":[{"id":1821,"href":"https:\/\/blogs.uo.edu.cu\/cvcenit\/index.php?rest_route=\/wp\/v2\/posts\/1817\/revisions\/1821"}],"wp:attachment":[{"href":"https:\/\/blogs.uo.edu.cu\/cvcenit\/index.php?rest_route=%2Fwp%2Fv2%2Fmedia&parent=1817"}],"wp:term":[{"taxonomy":"category","embeddable":true,"href":"https:\/\/blogs.uo.edu.cu\/cvcenit\/index.php?rest_route=%2Fwp%2Fv2%2Fcategories&post=1817"},{"taxonomy":"post_tag","embeddable":true,"href":"https:\/\/blogs.uo.edu.cu\/cvcenit\/index.php?rest_route=%2Fwp%2Fv2%2Ftags&post=1817"}],"curies":[{"name":"wp","href":"https:\/\/api.w.org\/{rel}","templated":true}]}}