{"id":1841,"date":"2018-03-15T14:19:38","date_gmt":"2018-03-15T14:19:38","guid":{"rendered":"http:\/\/blogs.uo.edu.cu\/cvcenit\/?p=1841"},"modified":"2019-02-11T14:45:17","modified_gmt":"2019-02-11T14:45:17","slug":"las-ciencias-basicas-premisas-para-el-desarrollo-cientifico-tecnologico-13-marzo-2018","status":"publish","type":"post","link":"https:\/\/blogs.uo.edu.cu\/cvcenit\/?p=1841","title":{"rendered":"Las Ciencias B\u00e1sicas, premisas para el desarrollo cient\u00edfico tecnol\u00f3gico. 15 marzo 2018"},"content":{"rendered":"<p><img decoding=\"async\" class=\"size-medium wp-image-1842 alignleft\" src=\"http:\/\/blogs.uo.edu.cu\/cvcenit\/wp-content\/uploads\/sites\/9\/2019\/02\/CIENCIA-EN-LA-MIRA-15-DE-MARZO-2018.-300x106.jpg\" alt=\"\" width=\"300\" height=\"106\" srcset=\"https:\/\/blogs.uo.edu.cu\/cvcenit\/wp-content\/uploads\/sites\/9\/2019\/02\/CIENCIA-EN-LA-MIRA-15-DE-MARZO-2018.-300x106.jpg 300w, https:\/\/blogs.uo.edu.cu\/cvcenit\/wp-content\/uploads\/sites\/9\/2019\/02\/CIENCIA-EN-LA-MIRA-15-DE-MARZO-2018.-768x272.jpg 768w, https:\/\/blogs.uo.edu.cu\/cvcenit\/wp-content\/uploads\/sites\/9\/2019\/02\/CIENCIA-EN-LA-MIRA-15-DE-MARZO-2018.-1024x362.jpg 1024w, https:\/\/blogs.uo.edu.cu\/cvcenit\/wp-content\/uploads\/sites\/9\/2019\/02\/CIENCIA-EN-LA-MIRA-15-DE-MARZO-2018..jpg 1277w\" sizes=\"(max-width: 300px) 100vw, 300px\" \/><\/p>\n<p>Concebido como un espacio para dialogar sobre tecnolog\u00eda, innovaci\u00f3n, econom\u00eda y otras ramas del saber, \u201cCiencia en la Mira\u201d, promovido por el Observatorio Cultural C\u00e9nit, estimul\u00f3 este 15 de marzo a intercambiar criterios sobre Las ciencias b\u00e1sicas, premisas para el desarrollo cient\u00edfico- tecnol\u00f3gico. El panel integrado por los doctores Pedro Mun\u00e9 Bandera y Mijail Borges Quintana, el MsC Abdier Jover Capote y el Lic. Jos\u00e9 Daniel Ulloa, <!--more-->junto a un p\u00fablico conformado principalmente por estudiantes y profesores de la Facultad de Ciencias Naturales, alumnos de 12 grado del IPVCE General Antonio Maceo, debatieron temas de gran importancia como son: las contribuciones de las ciencias b\u00e1sicas para la formaci\u00f3n del profesional en la sociedad actual, los v\u00ednculos entre los actores sociales y el contexto universitario que propicien una formaci\u00f3n de las ciencias b\u00e1sicas para el desarrollo cient\u00edfico- tecnol\u00f3gico y los retos y perspectivas de las Instituciones de la Educaci\u00f3n Superior Cubana a favor de las ciencias b\u00e1sicas para la formaci\u00f3n del profesional.<\/p>\n","protected":false},"excerpt":{"rendered":"<p>Concebido como un espacio para dialogar sobre tecnolog\u00eda, innovaci\u00f3n, econom\u00eda y otras ramas del saber, \u201cCiencia en la Mira\u201d, promovido por el Observatorio Cultural C\u00e9nit, estimul\u00f3 este 15 de marzo a intercambiar criterios sobre Las ciencias b\u00e1sicas, premisas para el&hellip;<\/p>\n<p class=\"more-link-p\"><a class=\"more-link\" href=\"https:\/\/blogs.uo.edu.cu\/cvcenit\/?p=1841\">Read more &rarr;<\/a><\/p>\n","protected":false},"author":5,"featured_media":0,"comment_status":"open","ping_status":"open","sticky":false,"template":"","format":"standard","meta":{"footnotes":""},"categories":[2],"tags":[],"class_list":["post-1841","post","type-post","status-publish","format-standard","hentry","category-ciencia-en-la-mira"],"_links":{"self":[{"href":"https:\/\/blogs.uo.edu.cu\/cvcenit\/index.php?rest_route=\/wp\/v2\/posts\/1841","targetHints":{"allow":["GET"]}}],"collection":[{"href":"https:\/\/blogs.uo.edu.cu\/cvcenit\/index.php?rest_route=\/wp\/v2\/posts"}],"about":[{"href":"https:\/\/blogs.uo.edu.cu\/cvcenit\/index.php?rest_route=\/wp\/v2\/types\/post"}],"author":[{"embeddable":true,"href":"https:\/\/blogs.uo.edu.cu\/cvcenit\/index.php?rest_route=\/wp\/v2\/users\/5"}],"replies":[{"embeddable":true,"href":"https:\/\/blogs.uo.edu.cu\/cvcenit\/index.php?rest_route=%2Fwp%2Fv2%2Fcomments&post=1841"}],"version-history":[{"count":2,"href":"https:\/\/blogs.uo.edu.cu\/cvcenit\/index.php?rest_route=\/wp\/v2\/posts\/1841\/revisions"}],"predecessor-version":[{"id":1844,"href":"https:\/\/blogs.uo.edu.cu\/cvcenit\/index.php?rest_route=\/wp\/v2\/posts\/1841\/revisions\/1844"}],"wp:attachment":[{"href":"https:\/\/blogs.uo.edu.cu\/cvcenit\/index.php?rest_route=%2Fwp%2Fv2%2Fmedia&parent=1841"}],"wp:term":[{"taxonomy":"category","embeddable":true,"href":"https:\/\/blogs.uo.edu.cu\/cvcenit\/index.php?rest_route=%2Fwp%2Fv2%2Fcategories&post=1841"},{"taxonomy":"post_tag","embeddable":true,"href":"https:\/\/blogs.uo.edu.cu\/cvcenit\/index.php?rest_route=%2Fwp%2Fv2%2Ftags&post=1841"}],"curies":[{"name":"wp","href":"https:\/\/api.w.org\/{rel}","templated":true}]}}