{"id":1845,"date":"2017-11-16T15:08:35","date_gmt":"2017-11-16T15:08:35","guid":{"rendered":"http:\/\/blogs.uo.edu.cu\/cvcenit\/?p=1845"},"modified":"2019-02-11T15:15:15","modified_gmt":"2019-02-11T15:15:15","slug":"energia-y-sostenibilidad-para-el-desarrollo-16-noviembre-2017","status":"publish","type":"post","link":"https:\/\/blogs.uo.edu.cu\/cvcenit\/?p=1845","title":{"rendered":"Energ\u00eda y Sostenibilidad para el Desarrollo. 16 noviembre 2017"},"content":{"rendered":"<p><img fetchpriority=\"high\" decoding=\"async\" class=\"wp-image-1846 alignleft\" src=\"http:\/\/blogs.uo.edu.cu\/cvcenit\/wp-content\/uploads\/sites\/9\/2019\/02\/Ciencia-en-la-CEER-223x300.jpg\" alt=\"\" width=\"225\" height=\"303\" srcset=\"https:\/\/blogs.uo.edu.cu\/cvcenit\/wp-content\/uploads\/sites\/9\/2019\/02\/Ciencia-en-la-CEER-223x300.jpg 223w, https:\/\/blogs.uo.edu.cu\/cvcenit\/wp-content\/uploads\/sites\/9\/2019\/02\/Ciencia-en-la-CEER.jpg 380w\" sizes=\"(max-width: 225px) 100vw, 225px\" \/><\/p>\n<p>Con el t\u00edtulo \u201cEnerg\u00eda y sostenibilidad . Propuesta para el desarrollo\u201d&nbsp; se presentaron los especialistas del&nbsp;&nbsp; Centro de Estudios Energ\u00e9tico Luis Fernando Brossard P\u00e9rez en&nbsp; el pasado \u201cCiencia en la Mira\u201d, hecho acaecido el 16 de noviembre a las 10:00 am en&nbsp; el anfiteatro 1B de la sede Julio Antonio Mella de la Universidad de Oriente. All\u00ed se debatieron&nbsp; temas novedosos para los presentes como: &nbsp;las Contribuciones de la ciencia universitaria a los estudios sobre la energ\u00eda y sostenibilidad para el desarrollo, los v\u00ednculos efectivos entre los actores sociales en la voluntad de preservar, crear y promover la cultura universitaria a favor de la energ\u00eda y sostenibilidad para el desarrollo y los retos y perspectivas de las Instituciones de la Educaci\u00f3n Superior Cubana a favor de los estudios sobre energ\u00eda y sostenibilidad para el desarrollo, tambi\u00e9n de rese\u00f1\u00f3 sobre la historia de la misma, y se presentaron los principales resultados del centro. Encabez\u00f3 el panel el&nbsp; DrC. \u00c1ngel Luis Brito Sauvanell.<\/p>\n","protected":false},"excerpt":{"rendered":"<p>Con el t\u00edtulo \u201cEnerg\u00eda y sostenibilidad . Propuesta para el desarrollo\u201d&nbsp; se presentaron los especialistas del&nbsp;&nbsp; Centro de Estudios Energ\u00e9tico Luis Fernando Brossard P\u00e9rez en&nbsp; el pasado \u201cCiencia en la Mira\u201d, hecho acaecido el 16 de noviembre a las 10:00&hellip;<\/p>\n<p class=\"more-link-p\"><a class=\"more-link\" href=\"https:\/\/blogs.uo.edu.cu\/cvcenit\/?p=1845\">Read more &rarr;<\/a><\/p>\n","protected":false},"author":5,"featured_media":0,"comment_status":"open","ping_status":"open","sticky":false,"template":"","format":"standard","meta":{"footnotes":""},"categories":[2],"tags":[],"class_list":["post-1845","post","type-post","status-publish","format-standard","hentry","category-ciencia-en-la-mira"],"_links":{"self":[{"href":"https:\/\/blogs.uo.edu.cu\/cvcenit\/index.php?rest_route=\/wp\/v2\/posts\/1845","targetHints":{"allow":["GET"]}}],"collection":[{"href":"https:\/\/blogs.uo.edu.cu\/cvcenit\/index.php?rest_route=\/wp\/v2\/posts"}],"about":[{"href":"https:\/\/blogs.uo.edu.cu\/cvcenit\/index.php?rest_route=\/wp\/v2\/types\/post"}],"author":[{"embeddable":true,"href":"https:\/\/blogs.uo.edu.cu\/cvcenit\/index.php?rest_route=\/wp\/v2\/users\/5"}],"replies":[{"embeddable":true,"href":"https:\/\/blogs.uo.edu.cu\/cvcenit\/index.php?rest_route=%2Fwp%2Fv2%2Fcomments&post=1845"}],"version-history":[{"count":2,"href":"https:\/\/blogs.uo.edu.cu\/cvcenit\/index.php?rest_route=\/wp\/v2\/posts\/1845\/revisions"}],"predecessor-version":[{"id":1848,"href":"https:\/\/blogs.uo.edu.cu\/cvcenit\/index.php?rest_route=\/wp\/v2\/posts\/1845\/revisions\/1848"}],"wp:attachment":[{"href":"https:\/\/blogs.uo.edu.cu\/cvcenit\/index.php?rest_route=%2Fwp%2Fv2%2Fmedia&parent=1845"}],"wp:term":[{"taxonomy":"category","embeddable":true,"href":"https:\/\/blogs.uo.edu.cu\/cvcenit\/index.php?rest_route=%2Fwp%2Fv2%2Fcategories&post=1845"},{"taxonomy":"post_tag","embeddable":true,"href":"https:\/\/blogs.uo.edu.cu\/cvcenit\/index.php?rest_route=%2Fwp%2Fv2%2Ftags&post=1845"}],"curies":[{"name":"wp","href":"https:\/\/api.w.org\/{rel}","templated":true}]}}