{"id":1904,"date":"2019-05-21T15:43:19","date_gmt":"2019-05-21T15:43:19","guid":{"rendered":"http:\/\/blogs.uo.edu.cu\/cvcenit\/?p=1904"},"modified":"2019-05-21T15:43:19","modified_gmt":"2019-05-21T15:43:19","slug":"habitos-practicas-y-consumos-culturales-en-la-ciudad-de-puebla","status":"publish","type":"post","link":"https:\/\/blogs.uo.edu.cu\/cvcenit\/?p=1904","title":{"rendered":"H\u00e1bitos, pr\u00e1cticas y consumos culturales en la ciudad de Puebla"},"content":{"rendered":"<p>Autor: Jos\u00e9 Antonio Meyer Rodr\u00edguez<\/p>\n<p>Estudio sobre los procesos culturales en la ciudad de Puebla, donde se destaca la conformaci\u00f3n de un mercado altamente diversificado, con nuevas l\u00f3gicas de consumo y espacios cada vez m\u00e1s virtuales y menos f\u00edsicos. Valoraci\u00f3n de un alto nivel de segmentaci\u00f3n en las culturas urbanas y una tendencia creciente hacia el consumo privado y dom\u00e9stico de medios de comunicaci\u00f3n y nuevas tecnolog\u00edas, al tiempo que se reduce la asistencia a museos, sitios hist\u00f3ricos, festejos c\u00edvicos, rituales tradicionales y espect\u00e1culos art\u00edsticos. Muestra de la transformaci\u00f3n gradual e intensa de los mecanismos de apropiaci\u00f3n cultural y la resignificaci\u00f3n de los imaginarios urbanos, como punto de inicio para una reinterpretaci\u00f3n m\u00e1s profunda de las<br \/>\nnuevas identidades en esta importante urbanizaci\u00f3n del centro &#8211; sur del pa\u00eds.<\/p>\n<p><a href=\"http:\/\/blogs.uo.edu.cu\/cvcenit\/wp-content\/uploads\/sites\/9\/2019\/05\/CONSUMO-CULTURAL-PUEBLA.pdf\">Leer m\u00e1s &#8230;<\/a><\/p>\n","protected":false},"excerpt":{"rendered":"<p>Autor: Jos\u00e9 Antonio Meyer Rodr\u00edguez Estudio sobre los procesos culturales en la ciudad de Puebla, donde se destaca la conformaci\u00f3n de un mercado altamente diversificado, con nuevas l\u00f3gicas de consumo y espacios cada vez m\u00e1s virtuales y menos f\u00edsicos. Valoraci\u00f3n&hellip;<\/p>\n<p class=\"more-link-p\"><a class=\"more-link\" href=\"https:\/\/blogs.uo.edu.cu\/cvcenit\/?p=1904\">Read more &rarr;<\/a><\/p>\n","protected":false},"author":5,"featured_media":0,"comment_status":"open","ping_status":"open","sticky":false,"template":"","format":"standard","meta":{"footnotes":""},"categories":[6],"tags":[],"class_list":["post-1904","post","type-post","status-publish","format-standard","hentry","category-miscelaneas"],"_links":{"self":[{"href":"https:\/\/blogs.uo.edu.cu\/cvcenit\/index.php?rest_route=\/wp\/v2\/posts\/1904","targetHints":{"allow":["GET"]}}],"collection":[{"href":"https:\/\/blogs.uo.edu.cu\/cvcenit\/index.php?rest_route=\/wp\/v2\/posts"}],"about":[{"href":"https:\/\/blogs.uo.edu.cu\/cvcenit\/index.php?rest_route=\/wp\/v2\/types\/post"}],"author":[{"embeddable":true,"href":"https:\/\/blogs.uo.edu.cu\/cvcenit\/index.php?rest_route=\/wp\/v2\/users\/5"}],"replies":[{"embeddable":true,"href":"https:\/\/blogs.uo.edu.cu\/cvcenit\/index.php?rest_route=%2Fwp%2Fv2%2Fcomments&post=1904"}],"version-history":[{"count":1,"href":"https:\/\/blogs.uo.edu.cu\/cvcenit\/index.php?rest_route=\/wp\/v2\/posts\/1904\/revisions"}],"predecessor-version":[{"id":1905,"href":"https:\/\/blogs.uo.edu.cu\/cvcenit\/index.php?rest_route=\/wp\/v2\/posts\/1904\/revisions\/1905"}],"wp:attachment":[{"href":"https:\/\/blogs.uo.edu.cu\/cvcenit\/index.php?rest_route=%2Fwp%2Fv2%2Fmedia&parent=1904"}],"wp:term":[{"taxonomy":"category","embeddable":true,"href":"https:\/\/blogs.uo.edu.cu\/cvcenit\/index.php?rest_route=%2Fwp%2Fv2%2Fcategories&post=1904"},{"taxonomy":"post_tag","embeddable":true,"href":"https:\/\/blogs.uo.edu.cu\/cvcenit\/index.php?rest_route=%2Fwp%2Fv2%2Ftags&post=1904"}],"curies":[{"name":"wp","href":"https:\/\/api.w.org\/{rel}","templated":true}]}}