{"id":1906,"date":"2019-05-21T15:51:13","date_gmt":"2019-05-21T15:51:13","guid":{"rendered":"http:\/\/blogs.uo.edu.cu\/cvcenit\/?p=1906"},"modified":"2019-05-21T15:52:03","modified_gmt":"2019-05-21T15:52:03","slug":"figuras-del-pensar-los-estudios-sobre-el-consumo-cultural-en-america-latina-y-la-organizacion-del-campo-academico-de-la-comunicacion-en-mexico-notas-sobre-su-trayectoria-mapas-y-reorganizacion","status":"publish","type":"post","link":"https:\/\/blogs.uo.edu.cu\/cvcenit\/?p=1906","title":{"rendered":"Figuras del pensar. Los estudios sobre el Consumo Cultural en Am\u00e9rica Latina y la organizaci\u00f3n del Campo Acad\u00e9mico de la Comunicaci\u00f3n en M\u00e9xico. Notas sobre su trayectoria, mapas y reorganizaci\u00f3n."},"content":{"rendered":"<h4>Autor: H\u00e9ctor G\u00f3mez Vargas<\/h4>\n<p>El presente trabajo pretende hacer una revisi\u00f3n de la trayectoria, los mapas y dominios cognitivos que se han desarrollado a partir del surgimiento de los estudios sobre el Consumo Cultural en Am\u00e9rica Latina, a partir de la evoluci\u00f3n de las obras de algunos de algunos autores que los colocaron como ejes claves para el estudio de la comunicaci\u00f3n y las transformaciones sociales latinoamericanas. Se parte de la idea de que en la organizaci\u00f3n del Campo Acad\u00e9mico de la Comunicaci\u00f3n en M\u00e9xico, el enfoque de los estudios de la cultura fueron fundamentales, y dentro de ellos, los estudios del Consumo Cultural tuvo una participaci\u00f3n sumamente importante, y es por ello que es necesario una revisi\u00f3n y organizaci\u00f3n de lo que ha aportado para entender la situaci\u00f3n actual de los estudios de la comunicaci\u00f3n en M\u00e9xico.<\/p>\n<p><a href=\"http:\/\/blogs.uo.edu.cu\/cvcenit\/wp-content\/uploads\/sites\/9\/2019\/05\/el-consumo-cultural-en-m\u00e9xico.pdf\">Leer m\u00e1s &#8230;<\/a><\/p>\n","protected":false},"excerpt":{"rendered":"<p>Autor: H\u00e9ctor G\u00f3mez Vargas El presente trabajo pretende hacer una revisi\u00f3n de la trayectoria, los mapas y dominios cognitivos que se han desarrollado a partir del surgimiento de los estudios sobre el Consumo Cultural en Am\u00e9rica Latina, a partir de&hellip;<\/p>\n<p class=\"more-link-p\"><a class=\"more-link\" href=\"https:\/\/blogs.uo.edu.cu\/cvcenit\/?p=1906\">Read more &rarr;<\/a><\/p>\n","protected":false},"author":5,"featured_media":0,"comment_status":"open","ping_status":"open","sticky":false,"template":"","format":"standard","meta":{"footnotes":""},"categories":[6],"tags":[],"class_list":["post-1906","post","type-post","status-publish","format-standard","hentry","category-miscelaneas"],"_links":{"self":[{"href":"https:\/\/blogs.uo.edu.cu\/cvcenit\/index.php?rest_route=\/wp\/v2\/posts\/1906","targetHints":{"allow":["GET"]}}],"collection":[{"href":"https:\/\/blogs.uo.edu.cu\/cvcenit\/index.php?rest_route=\/wp\/v2\/posts"}],"about":[{"href":"https:\/\/blogs.uo.edu.cu\/cvcenit\/index.php?rest_route=\/wp\/v2\/types\/post"}],"author":[{"embeddable":true,"href":"https:\/\/blogs.uo.edu.cu\/cvcenit\/index.php?rest_route=\/wp\/v2\/users\/5"}],"replies":[{"embeddable":true,"href":"https:\/\/blogs.uo.edu.cu\/cvcenit\/index.php?rest_route=%2Fwp%2Fv2%2Fcomments&post=1906"}],"version-history":[{"count":2,"href":"https:\/\/blogs.uo.edu.cu\/cvcenit\/index.php?rest_route=\/wp\/v2\/posts\/1906\/revisions"}],"predecessor-version":[{"id":1908,"href":"https:\/\/blogs.uo.edu.cu\/cvcenit\/index.php?rest_route=\/wp\/v2\/posts\/1906\/revisions\/1908"}],"wp:attachment":[{"href":"https:\/\/blogs.uo.edu.cu\/cvcenit\/index.php?rest_route=%2Fwp%2Fv2%2Fmedia&parent=1906"}],"wp:term":[{"taxonomy":"category","embeddable":true,"href":"https:\/\/blogs.uo.edu.cu\/cvcenit\/index.php?rest_route=%2Fwp%2Fv2%2Fcategories&post=1906"},{"taxonomy":"post_tag","embeddable":true,"href":"https:\/\/blogs.uo.edu.cu\/cvcenit\/index.php?rest_route=%2Fwp%2Fv2%2Ftags&post=1906"}],"curies":[{"name":"wp","href":"https:\/\/api.w.org\/{rel}","templated":true}]}}