{"id":195,"date":"2015-10-09T21:03:43","date_gmt":"2015-10-09T21:03:43","guid":{"rendered":"http:\/\/localhost\/cvcenit\/?p=195"},"modified":"2019-01-24T16:27:14","modified_gmt":"2019-01-24T16:27:14","slug":"hitos-de-la-ciencia-en-la-universidad-de-oriente-9-octubre-2015","status":"publish","type":"post","link":"https:\/\/blogs.uo.edu.cu\/cvcenit\/?p=195","title":{"rendered":"Itinerario cient\u00edfico de la Universidad de Oriente: principales hitos en los \u00faltimos 25 a\u00f1os. 9 octubre 2015"},"content":{"rendered":"<p style=\"text-align: justify\"><a href=\"http:\/\/blogs.uo.edu.cu\/cvcenit\/wp-content\/uploads\/sites\/9\/2018\/06\/cienciaenlamira-300x148.jpg\"><img decoding=\"async\" class=\"size-medium wp-image-658 alignleft\" src=\"http:\/\/blogs.uo.edu.cu\/cvcenit\/wp-content\/uploads\/sites\/9\/2018\/06\/cienciaenlamira-300x148-300x148.jpg\" alt=\"\" width=\"300\" height=\"148\"><\/a>El espacio de di\u00e1logo \u201cCiencia en la mira\u201d, promovido por el Observatorio Cultural C\u00e9nit, invit\u00f3 en la ma\u00f1ana de este 9 de octubre a evaluar el \u201cItinerario cient\u00edfico de la UO: principales hitos en los \u00faltimos 25 a\u00f1os\u201d. El encuentro, que tuvo lugar en la sede Julio A. Mella, se dedic\u00f3 al 68 aniversario de la fundaci\u00f3n de la Universidad de Oriente y a la jornada por el D\u00eda de la Cultura Nacional. Un panel moderado por la Dra.C. Taidys Garc\u00eda e integrado por los doctores Silvia Cruz, Hip\u00f3lito Carvajal, Rosario Le\u00f3n, Miriam Cardonne y Giovanni Villal\u00f3n, recorri\u00f3 los principales logros de la instituci\u00f3n en producci\u00f3n de ciencia e innovaci\u00f3n tecnol\u00f3gica <!--more-->, lo cual se apoy\u00f3 en una feria expositiva de los equipos y resultados principales obtenidos en el centro. Mediante testimonios de los panelistas y dem\u00e1s participantes en la acci\u00f3n, se pudo conocer acerca de las contribuciones del centro en el periodo analizado, que incluyen un n\u00famero significativo de trabajos reconocidos y premiados por la Academia de Ciencias de Cuba. Relevantes en esta n\u00f3mina resultan: la obtenci\u00f3n del gas refrigerante LB12, por Luis Fernando Brossard P\u00e9rez, y los \u00e9xitos de Biof\u00edsica M\u00e9dica en cuanto a m\u00e9todos terap\u00e9uticos y de diagn\u00f3stico no invasivos, que se encuentran instalados en hospitales de varias provincias cubanas. Otros momentos destacados fueron la producci\u00f3n de equipos magnetizadores en los laboratorios del CNEA y el quehacer de especialistas del CEMZOC en cuanto a manejo integrado de zonas costeras. El doctor Villal\u00f3n exhort\u00f3 a los asistentes a tomar en cuenta la divulgaci\u00f3n de la ciencia y sus aplicaciones, mientras que algunos de los m\u00e1s experimentados entre los presentes, como los doctores Enrique Mara\u00f1\u00f3n y Hebert P\u00e9rez, ponderaron la iniciaciva de efectuar este panel y recordaron que a\u00fan en los momentos m\u00e1s duros del Periodo Especial, en la Universidad de Oriente, se desarroll\u00f3 la ciencia. En la ocasi\u00f3n, los integrantes del Grupo Cient\u00edfico Estudiantil \u201cGesti\u00f3n Ambiental de Ecosistemas Agr\u00edcolas\u201d, de la carrera de Agronom\u00eda, reconocieron a los panelistas; y estudiantes extranjeros, que cursan aqu\u00ed sus estudios de Pedagog\u00eda, se refirieron a la necesidad de promover, en el contexto de la integraci\u00f3n de los centros de la Educaci\u00f3n Superior, la historia de la ciencia en la UO.<\/p>\n","protected":false},"excerpt":{"rendered":"<p>El espacio de di\u00e1logo \u201cCiencia en la mira\u201d, promovido por el Observatorio Cultural C\u00e9nit, invit\u00f3 en la ma\u00f1ana de este 9 de octubre a evaluar el \u201cItinerario cient\u00edfico de la UO: principales hitos en los \u00faltimos 25 a\u00f1os\u201d. El encuentro,&hellip;<\/p>\n<p class=\"more-link-p\"><a class=\"more-link\" href=\"https:\/\/blogs.uo.edu.cu\/cvcenit\/?p=195\">Read more &rarr;<\/a><\/p>\n","protected":false},"author":1,"featured_media":0,"comment_status":"open","ping_status":"open","sticky":false,"template":"","format":"standard","meta":{"footnotes":""},"categories":[2],"tags":[],"class_list":["post-195","post","type-post","status-publish","format-standard","hentry","category-ciencia-en-la-mira"],"_links":{"self":[{"href":"https:\/\/blogs.uo.edu.cu\/cvcenit\/index.php?rest_route=\/wp\/v2\/posts\/195","targetHints":{"allow":["GET"]}}],"collection":[{"href":"https:\/\/blogs.uo.edu.cu\/cvcenit\/index.php?rest_route=\/wp\/v2\/posts"}],"about":[{"href":"https:\/\/blogs.uo.edu.cu\/cvcenit\/index.php?rest_route=\/wp\/v2\/types\/post"}],"author":[{"embeddable":true,"href":"https:\/\/blogs.uo.edu.cu\/cvcenit\/index.php?rest_route=\/wp\/v2\/users\/1"}],"replies":[{"embeddable":true,"href":"https:\/\/blogs.uo.edu.cu\/cvcenit\/index.php?rest_route=%2Fwp%2Fv2%2Fcomments&post=195"}],"version-history":[{"count":2,"href":"https:\/\/blogs.uo.edu.cu\/cvcenit\/index.php?rest_route=\/wp\/v2\/posts\/195\/revisions"}],"predecessor-version":[{"id":1757,"href":"https:\/\/blogs.uo.edu.cu\/cvcenit\/index.php?rest_route=\/wp\/v2\/posts\/195\/revisions\/1757"}],"wp:attachment":[{"href":"https:\/\/blogs.uo.edu.cu\/cvcenit\/index.php?rest_route=%2Fwp%2Fv2%2Fmedia&parent=195"}],"wp:term":[{"taxonomy":"category","embeddable":true,"href":"https:\/\/blogs.uo.edu.cu\/cvcenit\/index.php?rest_route=%2Fwp%2Fv2%2Fcategories&post=195"},{"taxonomy":"post_tag","embeddable":true,"href":"https:\/\/blogs.uo.edu.cu\/cvcenit\/index.php?rest_route=%2Fwp%2Fv2%2Ftags&post=195"}],"curies":[{"name":"wp","href":"https:\/\/api.w.org\/{rel}","templated":true}]}}