{"id":207,"date":"2017-10-19T21:12:35","date_gmt":"2017-10-19T21:12:35","guid":{"rendered":"http:\/\/localhost\/cvcenit\/?p=207"},"modified":"2019-01-28T15:27:20","modified_gmt":"2019-01-28T15:27:20","slug":"retos-y-desafios-en-las-zonas-costeras-19-octubre-2017","status":"publish","type":"post","link":"https:\/\/blogs.uo.edu.cu\/cvcenit\/?p=207","title":{"rendered":"La interdisciplinariedad en los estudios sobre gesti\u00f3n de los recursos en zonas costeras. 19 octubre 2017"},"content":{"rendered":"<p style=\"text-align: justify\"><a href=\"http:\/\/blogs.uo.edu.cu\/cvcenit\/wp-content\/uploads\/sites\/9\/2018\/06\/cienciaenlamiradestacada-300x150.jpg\"><img decoding=\"async\" class=\"alignleft wp-image-655 size-medium\" src=\"http:\/\/blogs.uo.edu.cu\/cvcenit\/wp-content\/uploads\/sites\/9\/2018\/06\/cienciaenlamiradestacada-300x150-300x150.jpg\" alt=\"\" width=\"300\" height=\"150\"><\/a>Durante el encuentro los integrantes del Centro de Estudios Multidisciplinarios de Zonas Costeras (CEMZOC) explicaron la&nbsp; interdisciplinariedad existente en los estudios sobre gesti\u00f3n de los recursos en las zonas costeras. La Dra.C. Ofelia P\u00e9rez Montero directora del Centro manifest\u00f3 la importancia de los enfoques interdisciplinares, ya que permiten acercarse a un mismo fen\u00f3meno desde distintos \u00e1ngulos, ofreciendo de este modo una imagen m\u00e1s completa y enriquecedora, llena de matices procedentes de los distintos m\u00e9todos utilizados. De ah\u00ed la trascendencia de buscar soluciones integradoras que permitan mitigar los efectos de la contaminaci\u00f3n y el cambio clim\u00e1tico <!--more-->. Los panelistas compartieron sus experiencias a partir de los estudios de manglar, cuencas hidrogr\u00e1ficas y vegetaci\u00f3n costera, entre otros. La Msc. Yanet Cruz Portorreal explic\u00f3 que por sus caracter\u00edsticas geogr\u00e1ficas el municipio Guam\u00e1 es el epicentro de la investigaciones de manejo integrado de zonas costeras.<\/p>\n<p style=\"text-align: justify\">A trav\u00e9s de los Proyecto Costasureste, Vidas y; Peligro, Vulnerabilidad y Riegos, se desarrollan propuestas territoriales para enfrentar estas problem\u00e1ticas en sitios puntuales de la provincia, en la cual se han develado las principales amenazas. La actualidad y pertinencia del estudio de las zonas costeras, as\u00ed como la puesta en pr\u00e1ctica de mecanismos que permitan proteger estos ecosistemas constituye caldo nutricio de la labor realizada por el CEMZOC.<\/p>\n","protected":false},"excerpt":{"rendered":"<p>Durante el encuentro los integrantes del Centro de Estudios Multidisciplinarios de Zonas Costeras (CEMZOC) explicaron la&nbsp; interdisciplinariedad existente en los estudios sobre gesti\u00f3n de los recursos en las zonas costeras. La Dra.C. Ofelia P\u00e9rez Montero directora del Centro manifest\u00f3 la&hellip;<\/p>\n<p class=\"more-link-p\"><a class=\"more-link\" href=\"https:\/\/blogs.uo.edu.cu\/cvcenit\/?p=207\">Read more &rarr;<\/a><\/p>\n","protected":false},"author":1,"featured_media":0,"comment_status":"open","ping_status":"open","sticky":false,"template":"","format":"standard","meta":{"footnotes":""},"categories":[2],"tags":[],"class_list":["post-207","post","type-post","status-publish","format-standard","hentry","category-ciencia-en-la-mira"],"_links":{"self":[{"href":"https:\/\/blogs.uo.edu.cu\/cvcenit\/index.php?rest_route=\/wp\/v2\/posts\/207","targetHints":{"allow":["GET"]}}],"collection":[{"href":"https:\/\/blogs.uo.edu.cu\/cvcenit\/index.php?rest_route=\/wp\/v2\/posts"}],"about":[{"href":"https:\/\/blogs.uo.edu.cu\/cvcenit\/index.php?rest_route=\/wp\/v2\/types\/post"}],"author":[{"embeddable":true,"href":"https:\/\/blogs.uo.edu.cu\/cvcenit\/index.php?rest_route=\/wp\/v2\/users\/1"}],"replies":[{"embeddable":true,"href":"https:\/\/blogs.uo.edu.cu\/cvcenit\/index.php?rest_route=%2Fwp%2Fv2%2Fcomments&post=207"}],"version-history":[{"count":4,"href":"https:\/\/blogs.uo.edu.cu\/cvcenit\/index.php?rest_route=\/wp\/v2\/posts\/207\/revisions"}],"predecessor-version":[{"id":1807,"href":"https:\/\/blogs.uo.edu.cu\/cvcenit\/index.php?rest_route=\/wp\/v2\/posts\/207\/revisions\/1807"}],"wp:attachment":[{"href":"https:\/\/blogs.uo.edu.cu\/cvcenit\/index.php?rest_route=%2Fwp%2Fv2%2Fmedia&parent=207"}],"wp:term":[{"taxonomy":"category","embeddable":true,"href":"https:\/\/blogs.uo.edu.cu\/cvcenit\/index.php?rest_route=%2Fwp%2Fv2%2Fcategories&post=207"},{"taxonomy":"post_tag","embeddable":true,"href":"https:\/\/blogs.uo.edu.cu\/cvcenit\/index.php?rest_route=%2Fwp%2Fv2%2Ftags&post=207"}],"curies":[{"name":"wp","href":"https:\/\/api.w.org\/{rel}","templated":true}]}}