{"id":212,"date":"2018-02-05T21:16:43","date_gmt":"2018-02-05T21:16:43","guid":{"rendered":"http:\/\/localhost\/cvcenit\/?p=212"},"modified":"2019-01-28T15:55:19","modified_gmt":"2019-01-28T15:55:19","slug":"centro-de-estudio-de-biofisica-medica-cbm-25-anos-de-un-bregar-19-febrero-2018","status":"publish","type":"post","link":"https:\/\/blogs.uo.edu.cu\/cvcenit\/?p=212","title":{"rendered":"Dimensi\u00f3n Social de la Ciencia y la Tecnolog\u00eda. Su impacto en el bienestar humano,una visi\u00f3n desde el pensamiento de Fidel Castro. 5 febrero 2018"},"content":{"rendered":"<p style=\"text-align: justify\"><a href=\"http:\/\/blogs.uo.edu.cu\/cvcenit\/wp-content\/uploads\/sites\/9\/2018\/06\/cienciaenlamira.jpg\"><img fetchpriority=\"high\" decoding=\"async\" class=\"alignleft wp-image-654 size-medium\" src=\"http:\/\/blogs.uo.edu.cu\/cvcenit\/wp-content\/uploads\/sites\/9\/2018\/06\/cienciaenlamira-300x225.jpg\" alt=\"\" width=\"300\" height=\"225\"><\/a>El Centro de Estudio de Biof\u00edsica-M\u00e9dica (CBM) ha cumplido&nbsp; 25 a\u00f1os de un bregar en el que cada vez fructifica, fortalece y consolida los prop\u00f3sitos de su creaci\u00f3n.&nbsp; De esa productiva trayectoria abord\u00f3 el Espacio Ciencia en la Mira del presente mes de febrero en la Universidad de Oriente. As\u00ed lo concibi\u00f3 la Direcci\u00f3n de Extensi\u00f3n Universitaria a trav\u00e9s del Observatorio Cultural (C\u00e9nit)&nbsp; y la C\u00e1tedra de Estudio del Pensamiento y la obra de Fidel&nbsp; de la instituci\u00f3n, con el objetivo de rendirle homenaje al l\u00edder como inspirador de la labor del equipo de estudiosos y del surgimiento&nbsp; del centro de estudios. El Dr. Carlos Cabal Mirabal fundador de ese centro, aport\u00f3 momentos del historial de la entidad y se refiri\u00f3 a las proyecciones de Fidel sobre este quehacer cuando expresara&nbsp; \u201cLa ciencia y las producciones de la ciencia deben ocupar alg\u00fan d\u00eda, el primer lugar de la econom\u00eda nacional\u201d. Mientras, el prestigioso Doctor Jos\u00e9 Carlos Ugarte Suarez, Director del Centro de Investigaciones M\u00e9dicas Quir\u00fargicas (CIMEQ), manifest\u00f3&nbsp;<!--more--> estar unido al centro santiaguero, por el fruto de sue\u00f1os e ideas hechas realidad, en funci\u00f3n del progreso tecnol\u00f3gico para la medicina, y al cual se debe hoy&nbsp; el uso de la resonancia magn\u00e9tica de im\u00e1genes, el Sistema para la Transmisi\u00f3n de Im\u00e1genes M\u00e9dicas Multimodales, la preparaci\u00f3n de profesionales en estas materias, entre otros importantes logros a disposici\u00f3n de las necesidades&nbsp; en el pa\u00eds y en otras fronteras. Ugarte tambi\u00e9n enfatiz\u00f3 en los referentes que constituyen Fidel y Mart\u00ed para el personal de la rama cient\u00edfica.&nbsp; Y precis\u00f3 que estos se\u00f1alados&nbsp; aniversarios 25 del CBM y 35 del CIMEQ, pasan sin&nbsp; sentir de cerca a Fidel, dolorosa sensaci\u00f3n que pens\u00f3 tambi\u00e9n percibieran las generaciones presentes.&nbsp; Entre los ponentes adem\u00e1s estuvo el Dr.C Enrique Mara\u00f1\u00f3n y el Dr.C Frank Josu\u00e9 Solar, este \u00faltimo responsable de la C\u00e1tedra Honor\u00edfica dedicada al Comandante,&nbsp; quien dinamizo el espacio&nbsp; como moderador.<\/p>\n","protected":false},"excerpt":{"rendered":"<p>El Centro de Estudio de Biof\u00edsica-M\u00e9dica (CBM) ha cumplido&nbsp; 25 a\u00f1os de un bregar en el que cada vez fructifica, fortalece y consolida los prop\u00f3sitos de su creaci\u00f3n.&nbsp; De esa productiva trayectoria abord\u00f3 el Espacio Ciencia en la Mira del&hellip;<\/p>\n<p class=\"more-link-p\"><a class=\"more-link\" href=\"https:\/\/blogs.uo.edu.cu\/cvcenit\/?p=212\">Read more &rarr;<\/a><\/p>\n","protected":false},"author":1,"featured_media":0,"comment_status":"open","ping_status":"open","sticky":false,"template":"","format":"standard","meta":{"footnotes":""},"categories":[2],"tags":[],"class_list":["post-212","post","type-post","status-publish","format-standard","hentry","category-ciencia-en-la-mira"],"_links":{"self":[{"href":"https:\/\/blogs.uo.edu.cu\/cvcenit\/index.php?rest_route=\/wp\/v2\/posts\/212","targetHints":{"allow":["GET"]}}],"collection":[{"href":"https:\/\/blogs.uo.edu.cu\/cvcenit\/index.php?rest_route=\/wp\/v2\/posts"}],"about":[{"href":"https:\/\/blogs.uo.edu.cu\/cvcenit\/index.php?rest_route=\/wp\/v2\/types\/post"}],"author":[{"embeddable":true,"href":"https:\/\/blogs.uo.edu.cu\/cvcenit\/index.php?rest_route=\/wp\/v2\/users\/1"}],"replies":[{"embeddable":true,"href":"https:\/\/blogs.uo.edu.cu\/cvcenit\/index.php?rest_route=%2Fwp%2Fv2%2Fcomments&post=212"}],"version-history":[{"count":4,"href":"https:\/\/blogs.uo.edu.cu\/cvcenit\/index.php?rest_route=\/wp\/v2\/posts\/212\/revisions"}],"predecessor-version":[{"id":1814,"href":"https:\/\/blogs.uo.edu.cu\/cvcenit\/index.php?rest_route=\/wp\/v2\/posts\/212\/revisions\/1814"}],"wp:attachment":[{"href":"https:\/\/blogs.uo.edu.cu\/cvcenit\/index.php?rest_route=%2Fwp%2Fv2%2Fmedia&parent=212"}],"wp:term":[{"taxonomy":"category","embeddable":true,"href":"https:\/\/blogs.uo.edu.cu\/cvcenit\/index.php?rest_route=%2Fwp%2Fv2%2Fcategories&post=212"},{"taxonomy":"post_tag","embeddable":true,"href":"https:\/\/blogs.uo.edu.cu\/cvcenit\/index.php?rest_route=%2Fwp%2Fv2%2Ftags&post=212"}],"curies":[{"name":"wp","href":"https:\/\/api.w.org\/{rel}","templated":true}]}}