{"id":334,"date":"2018-06-03T12:53:13","date_gmt":"2018-06-03T12:53:13","guid":{"rendered":"http:\/\/localhost\/cvcenit\/?p=334"},"modified":"2018-06-22T15:38:56","modified_gmt":"2018-06-22T15:38:56","slug":"334","status":"publish","type":"post","link":"https:\/\/blogs.uo.edu.cu\/cvcenit\/?p=334","title":{"rendered":"Una mirada a la actualizaci\u00f3n del modelo econ\u00f3mico cubano"},"content":{"rendered":"<p style=\"text-align: justify\"><a href=\"http:\/\/blogs.uo.edu.cu\/cvcenit\/wp-content\/uploads\/sites\/9\/2018\/06\/ciencia-en-la-mira1.jpg\"><img fetchpriority=\"high\" decoding=\"async\" class=\"alignleft wp-image-644\" src=\"http:\/\/blogs.uo.edu.cu\/cvcenit\/wp-content\/uploads\/sites\/9\/2018\/06\/ciencia-en-la-mira1-185x300.jpg\" alt=\"\" width=\"282\" height=\"459\" \/><\/a>Concebido como un espacio para dialogar sobre tecnolog\u00eda, innovaci\u00f3n, econom\u00eda y otras ramas del saber, \u201cCiencia en la mira\u201d se ha convertido en un referente obligatorio a la hora de hablar de estos t\u00f3picos en la Universidad de Oriente.<\/p>\n<p style=\"text-align: justify\">En esta ocasi\u00f3n es el escenario elegido para la socializaci\u00f3n de las experiencias alcanzadas en las investigaciones econ\u00f3micas y empresariales en respuesta a la actualizaci\u00f3n del modelo econ\u00f3mico cubano.<\/p>\n<p style=\"text-align: justify\">Tema: Las investigaciones de las ciencias econ\u00f3micas y empresariales en respuesta a la actualizaci\u00f3n del modelo econ\u00f3mico cubano.<\/p>\n<p style=\"text-align: justify\">D\u00eda y hora: 24 de mayo de 2018. 10:30 am<\/p>\n<p style=\"text-align: justify\">Ponentes:<\/p>\n<p style=\"text-align: justify\">Dr.C Ulises Pacheco Feria<\/p>\n<p style=\"text-align: justify\">Dr.C Jos\u00e9 Armando Estrada Hern\u00e1ndez<\/p>\n<p style=\"text-align: justify\">Lugar: Biblioteca Sede Antonio Maceo.<\/p>\n","protected":false},"excerpt":{"rendered":"<p>Concebido como un espacio para dialogar sobre tecnolog\u00eda, innovaci\u00f3n, econom\u00eda y otras ramas del saber, \u201cCiencia en la mira\u201d se ha convertido en un referente obligatorio a la hora de hablar de estos t\u00f3picos en la Universidad de Oriente. En&hellip;<\/p>\n<p class=\"more-link-p\"><a class=\"more-link\" href=\"https:\/\/blogs.uo.edu.cu\/cvcenit\/?p=334\">Read more &rarr;<\/a><\/p>\n","protected":false},"author":1,"featured_media":0,"comment_status":"open","ping_status":"open","sticky":false,"template":"","format":"standard","meta":{"footnotes":""},"categories":[7],"tags":[],"class_list":["post-334","post","type-post","status-publish","format-standard","hentry","category-noticias-y-eventos"],"_links":{"self":[{"href":"https:\/\/blogs.uo.edu.cu\/cvcenit\/index.php?rest_route=\/wp\/v2\/posts\/334","targetHints":{"allow":["GET"]}}],"collection":[{"href":"https:\/\/blogs.uo.edu.cu\/cvcenit\/index.php?rest_route=\/wp\/v2\/posts"}],"about":[{"href":"https:\/\/blogs.uo.edu.cu\/cvcenit\/index.php?rest_route=\/wp\/v2\/types\/post"}],"author":[{"embeddable":true,"href":"https:\/\/blogs.uo.edu.cu\/cvcenit\/index.php?rest_route=\/wp\/v2\/users\/1"}],"replies":[{"embeddable":true,"href":"https:\/\/blogs.uo.edu.cu\/cvcenit\/index.php?rest_route=%2Fwp%2Fv2%2Fcomments&post=334"}],"version-history":[{"count":2,"href":"https:\/\/blogs.uo.edu.cu\/cvcenit\/index.php?rest_route=\/wp\/v2\/posts\/334\/revisions"}],"predecessor-version":[{"id":646,"href":"https:\/\/blogs.uo.edu.cu\/cvcenit\/index.php?rest_route=\/wp\/v2\/posts\/334\/revisions\/646"}],"wp:attachment":[{"href":"https:\/\/blogs.uo.edu.cu\/cvcenit\/index.php?rest_route=%2Fwp%2Fv2%2Fmedia&parent=334"}],"wp:term":[{"taxonomy":"category","embeddable":true,"href":"https:\/\/blogs.uo.edu.cu\/cvcenit\/index.php?rest_route=%2Fwp%2Fv2%2Fcategories&post=334"},{"taxonomy":"post_tag","embeddable":true,"href":"https:\/\/blogs.uo.edu.cu\/cvcenit\/index.php?rest_route=%2Fwp%2Fv2%2Ftags&post=334"}],"curies":[{"name":"wp","href":"https:\/\/api.w.org\/{rel}","templated":true}]}}