{"id":380,"date":"2018-06-03T16:18:03","date_gmt":"2018-06-03T16:18:03","guid":{"rendered":"http:\/\/localhost\/cvcenit\/?p=380"},"modified":"2018-06-25T19:18:11","modified_gmt":"2018-06-25T19:18:11","slug":"programa-nacional-de-extension-universitaria","status":"publish","type":"post","link":"https:\/\/blogs.uo.edu.cu\/cvcenit\/?p=380","title":{"rendered":"PROGRAMA NACIONAL DE EXTENSI\u00d3N UNIVERSITARIA"},"content":{"rendered":"<p style=\"text-align: justify\"><a href=\"http:\/\/blogs.uo.edu.cu\/cvcenit\/wp-content\/uploads\/sites\/9\/2018\/06\/Programa-Nacional.pdf\" target=\"_blank\" rel=\"noopener\"><img decoding=\"async\" class=\"alignleft wp-image-672 size-full\" src=\"http:\/\/blogs.uo.edu.cu\/cvcenit\/wp-content\/uploads\/sites\/9\/2018\/06\/download.png\" alt=\"\" width=\"128\" height=\"128\" \/><\/a>MINISTERIO DE EDUCACI\u00d3N SUPERIOR<br \/>\n2004<\/p>\n<p style=\"text-align: justify\">Este programa fue instituido por el Ministerio de Educaci\u00f3n Superior de Cuba a partir de propuesta de la tesis doctoral en opci\u00f3n al t\u00edtulo de Doctor en Ciencias Pedag\u00f3gicas del Dr. Gil Ram\u00f3n Gonz\u00e1lez Gonz\u00e1lez. La tesis fue defendida bajo el t\u00edtulo de Un modelo de Extensi\u00f3n Universitaria para la Educaci\u00f3n Superior Cubana (La Habana,1996).<\/p>\n<p style=\"text-align: justify\">\n","protected":false},"excerpt":{"rendered":"<p>MINISTERIO DE EDUCACI\u00d3N SUPERIOR 2004 Este programa fue instituido por el Ministerio de Educaci\u00f3n Superior de Cuba a partir de propuesta de la tesis doctoral en opci\u00f3n al t\u00edtulo de Doctor en Ciencias Pedag\u00f3gicas del Dr. Gil Ram\u00f3n Gonz\u00e1lez Gonz\u00e1lez.&hellip;<\/p>\n<p class=\"more-link-p\"><a class=\"more-link\" href=\"https:\/\/blogs.uo.edu.cu\/cvcenit\/?p=380\">Read more &rarr;<\/a><\/p>\n","protected":false},"author":1,"featured_media":0,"comment_status":"open","ping_status":"open","sticky":false,"template":"","format":"standard","meta":{"footnotes":""},"categories":[3],"tags":[],"class_list":["post-380","post","type-post","status-publish","format-standard","hentry","category-documentos"],"_links":{"self":[{"href":"https:\/\/blogs.uo.edu.cu\/cvcenit\/index.php?rest_route=\/wp\/v2\/posts\/380","targetHints":{"allow":["GET"]}}],"collection":[{"href":"https:\/\/blogs.uo.edu.cu\/cvcenit\/index.php?rest_route=\/wp\/v2\/posts"}],"about":[{"href":"https:\/\/blogs.uo.edu.cu\/cvcenit\/index.php?rest_route=\/wp\/v2\/types\/post"}],"author":[{"embeddable":true,"href":"https:\/\/blogs.uo.edu.cu\/cvcenit\/index.php?rest_route=\/wp\/v2\/users\/1"}],"replies":[{"embeddable":true,"href":"https:\/\/blogs.uo.edu.cu\/cvcenit\/index.php?rest_route=%2Fwp%2Fv2%2Fcomments&post=380"}],"version-history":[{"count":1,"href":"https:\/\/blogs.uo.edu.cu\/cvcenit\/index.php?rest_route=\/wp\/v2\/posts\/380\/revisions"}],"predecessor-version":[{"id":738,"href":"https:\/\/blogs.uo.edu.cu\/cvcenit\/index.php?rest_route=\/wp\/v2\/posts\/380\/revisions\/738"}],"wp:attachment":[{"href":"https:\/\/blogs.uo.edu.cu\/cvcenit\/index.php?rest_route=%2Fwp%2Fv2%2Fmedia&parent=380"}],"wp:term":[{"taxonomy":"category","embeddable":true,"href":"https:\/\/blogs.uo.edu.cu\/cvcenit\/index.php?rest_route=%2Fwp%2Fv2%2Fcategories&post=380"},{"taxonomy":"post_tag","embeddable":true,"href":"https:\/\/blogs.uo.edu.cu\/cvcenit\/index.php?rest_route=%2Fwp%2Fv2%2Ftags&post=380"}],"curies":[{"name":"wp","href":"https:\/\/api.w.org\/{rel}","templated":true}]}}