{"id":384,"date":"2018-06-03T16:21:50","date_gmt":"2018-06-03T16:21:50","guid":{"rendered":"http:\/\/localhost\/cvcenit\/?p=384"},"modified":"2018-06-25T19:16:59","modified_gmt":"2018-06-25T19:16:59","slug":"programa-de-extension-universitaria-universidad-de-oriente-2004","status":"publish","type":"post","link":"https:\/\/blogs.uo.edu.cu\/cvcenit\/?p=384","title":{"rendered":"PROGRAMA DE EXTENSI\u00d3N UNIVERSITARIA UNIVERSIDAD DE ORIENTE 2004"},"content":{"rendered":"<p style=\"text-align: justify\"><a href=\"http:\/\/blogs.uo.edu.cu\/cvcenit\/wp-content\/uploads\/sites\/9\/2018\/06\/Programa-de-EU-de-la-UO.pdf\" target=\"_blank\" rel=\"noopener\"><img decoding=\"async\" class=\"alignleft wp-image-672 size-full\" src=\"http:\/\/blogs.uo.edu.cu\/cvcenit\/wp-content\/uploads\/sites\/9\/2018\/06\/download.png\" alt=\"\" width=\"128\" height=\"128\" \/><\/a>Este programa fue instituido por el entonces Departamento de Extensi\u00f3n Universitaria a partir del ejercicio de culminaci\u00f3n de estudios de maestr\u00eda en Desarrollo Social Comunitario de la MSc. Marta S\u00e1nchez Manzano.<\/p>\n","protected":false},"excerpt":{"rendered":"<p>Este programa fue instituido por el entonces Departamento de Extensi\u00f3n Universitaria a partir del ejercicio de culminaci\u00f3n de estudios de maestr\u00eda en Desarrollo Social Comunitario de la MSc. Marta S\u00e1nchez Manzano.<\/p>\n","protected":false},"author":1,"featured_media":0,"comment_status":"open","ping_status":"open","sticky":false,"template":"","format":"standard","meta":{"footnotes":""},"categories":[3],"tags":[],"class_list":["post-384","post","type-post","status-publish","format-standard","hentry","category-documentos"],"_links":{"self":[{"href":"https:\/\/blogs.uo.edu.cu\/cvcenit\/index.php?rest_route=\/wp\/v2\/posts\/384","targetHints":{"allow":["GET"]}}],"collection":[{"href":"https:\/\/blogs.uo.edu.cu\/cvcenit\/index.php?rest_route=\/wp\/v2\/posts"}],"about":[{"href":"https:\/\/blogs.uo.edu.cu\/cvcenit\/index.php?rest_route=\/wp\/v2\/types\/post"}],"author":[{"embeddable":true,"href":"https:\/\/blogs.uo.edu.cu\/cvcenit\/index.php?rest_route=\/wp\/v2\/users\/1"}],"replies":[{"embeddable":true,"href":"https:\/\/blogs.uo.edu.cu\/cvcenit\/index.php?rest_route=%2Fwp%2Fv2%2Fcomments&post=384"}],"version-history":[{"count":1,"href":"https:\/\/blogs.uo.edu.cu\/cvcenit\/index.php?rest_route=\/wp\/v2\/posts\/384\/revisions"}],"predecessor-version":[{"id":737,"href":"https:\/\/blogs.uo.edu.cu\/cvcenit\/index.php?rest_route=\/wp\/v2\/posts\/384\/revisions\/737"}],"wp:attachment":[{"href":"https:\/\/blogs.uo.edu.cu\/cvcenit\/index.php?rest_route=%2Fwp%2Fv2%2Fmedia&parent=384"}],"wp:term":[{"taxonomy":"category","embeddable":true,"href":"https:\/\/blogs.uo.edu.cu\/cvcenit\/index.php?rest_route=%2Fwp%2Fv2%2Fcategories&post=384"},{"taxonomy":"post_tag","embeddable":true,"href":"https:\/\/blogs.uo.edu.cu\/cvcenit\/index.php?rest_route=%2Fwp%2Fv2%2Ftags&post=384"}],"curies":[{"name":"wp","href":"https:\/\/api.w.org\/{rel}","templated":true}]}}