{"id":387,"date":"2018-06-03T16:25:14","date_gmt":"2018-06-03T16:25:14","guid":{"rendered":"http:\/\/localhost\/cvcenit\/?p=387"},"modified":"2018-06-25T19:15:22","modified_gmt":"2018-06-25T19:15:22","slug":"palabras-a-los-intelectuales","status":"publish","type":"post","link":"https:\/\/blogs.uo.edu.cu\/cvcenit\/?p=387","title":{"rendered":"PALABRAS A LOS INTELECTUALES"},"content":{"rendered":"<p style=\"text-align: justify\"><a href=\"http:\/\/blogs.uo.edu.cu\/cvcenit\/wp-content\/uploads\/sites\/9\/2018\/06\/Palabras-a-los-intelectuales.pdf\" target=\"_blank\" rel=\"noopener\"><img decoding=\"async\" class=\"alignleft wp-image-672 size-full\" src=\"http:\/\/blogs.uo.edu.cu\/cvcenit\/wp-content\/uploads\/sites\/9\/2018\/06\/download.png\" alt=\"\" width=\"128\" height=\"128\" \/><\/a>Fidel Castro Ruz<br \/>\n30 de junio de 1961 se efectuaron, en la Ciudad de La Habana, en el Sal\u00f3n de Actos de la Biblioteca Nacional, reuniones en las que participaron las figuras m\u00e1s representativas de la intelectualidad cubana. Artistas y escritores discutieron y expusieron ampliamente sus puntos de vista sobre distintos aspectos de la actividad cultural y sobre los problemas relacionados con sus posibilidades de creaci\u00f3n, ante el Presidente de la Rep\u00fablica, Dr. Osvaldo Dortic\u00f3s Torrado, el Primer Ministro, Dr. Fidel Castro, el Ministro de Educaci\u00f3n, Dr.Armando Hart, los miembros del Consejo Nacional de Cultura y otras figuras representativas del Gobierno.<\/p>\n<p style=\"text-align: justify\">\n","protected":false},"excerpt":{"rendered":"<p>Fidel Castro Ruz 30 de junio de 1961 se efectuaron, en la Ciudad de La Habana, en el Sal\u00f3n de Actos de la Biblioteca Nacional, reuniones en las que participaron las figuras m\u00e1s representativas de la intelectualidad cubana. Artistas y&hellip;<\/p>\n<p class=\"more-link-p\"><a class=\"more-link\" href=\"https:\/\/blogs.uo.edu.cu\/cvcenit\/?p=387\">Read more &rarr;<\/a><\/p>\n","protected":false},"author":1,"featured_media":0,"comment_status":"open","ping_status":"open","sticky":false,"template":"","format":"standard","meta":{"footnotes":""},"categories":[3],"tags":[],"class_list":["post-387","post","type-post","status-publish","format-standard","hentry","category-documentos"],"_links":{"self":[{"href":"https:\/\/blogs.uo.edu.cu\/cvcenit\/index.php?rest_route=\/wp\/v2\/posts\/387","targetHints":{"allow":["GET"]}}],"collection":[{"href":"https:\/\/blogs.uo.edu.cu\/cvcenit\/index.php?rest_route=\/wp\/v2\/posts"}],"about":[{"href":"https:\/\/blogs.uo.edu.cu\/cvcenit\/index.php?rest_route=\/wp\/v2\/types\/post"}],"author":[{"embeddable":true,"href":"https:\/\/blogs.uo.edu.cu\/cvcenit\/index.php?rest_route=\/wp\/v2\/users\/1"}],"replies":[{"embeddable":true,"href":"https:\/\/blogs.uo.edu.cu\/cvcenit\/index.php?rest_route=%2Fwp%2Fv2%2Fcomments&post=387"}],"version-history":[{"count":1,"href":"https:\/\/blogs.uo.edu.cu\/cvcenit\/index.php?rest_route=\/wp\/v2\/posts\/387\/revisions"}],"predecessor-version":[{"id":736,"href":"https:\/\/blogs.uo.edu.cu\/cvcenit\/index.php?rest_route=\/wp\/v2\/posts\/387\/revisions\/736"}],"wp:attachment":[{"href":"https:\/\/blogs.uo.edu.cu\/cvcenit\/index.php?rest_route=%2Fwp%2Fv2%2Fmedia&parent=387"}],"wp:term":[{"taxonomy":"category","embeddable":true,"href":"https:\/\/blogs.uo.edu.cu\/cvcenit\/index.php?rest_route=%2Fwp%2Fv2%2Fcategories&post=387"},{"taxonomy":"post_tag","embeddable":true,"href":"https:\/\/blogs.uo.edu.cu\/cvcenit\/index.php?rest_route=%2Fwp%2Fv2%2Ftags&post=387"}],"curies":[{"name":"wp","href":"https:\/\/api.w.org\/{rel}","templated":true}]}}