{"id":400,"date":"2018-06-03T16:56:11","date_gmt":"2018-06-03T16:56:11","guid":{"rendered":"http:\/\/localhost\/cvcenit\/?p=400"},"modified":"2018-06-25T18:58:00","modified_gmt":"2018-06-25T18:58:00","slug":"contribuciones-en-torno-al-sistema-de-evaluacion-de-la-extension-universitaria","status":"publish","type":"post","link":"https:\/\/blogs.uo.edu.cu\/cvcenit\/contribuciones-en-torno-al-sistema-de-evaluacion-de-la-extension-universitaria\/","title":{"rendered":"Contribuciones en torno al sistema de evaluaci\u00f3n de la Extensi\u00f3n Universitaria"},"content":{"rendered":"<p><a href=\"http:\/\/blogs.uo.edu.cu\/cvcenit\/wp-content\/uploads\/sites\/9\/2018\/06\/Aproximaciones-cr\u00edtico-bibliogr\u00e1ficas-sobre-sistemas-de-evaluaci\u00f3n-de-la-EU.pdf\" target=\"_blank\" rel=\"noopener\"><img decoding=\"async\" class=\"alignleft wp-image-672 size-full\" src=\"http:\/\/blogs.uo.edu.cu\/cvcenit\/wp-content\/uploads\/sites\/9\/2018\/06\/download.png\" alt=\"\" width=\"128\" height=\"128\" \/><\/a>Aproximaciones cr\u00edtico-bibliogr\u00e1ficas<\/p>\n<p>Lic. Katerine Sav\u00f3n M\u00e9ndez<\/p>\n<p>Informes de investigaci\u00f3n<\/p>\n<p>2013-2014<\/p>\n<p>&nbsp;<\/p>\n","protected":false},"excerpt":{"rendered":"<p>Aproximaciones cr\u00edtico-bibliogr\u00e1ficas Lic. Katerine Sav\u00f3n M\u00e9ndez Informes de investigaci\u00f3n 2013-2014 &nbsp;<\/p>\n","protected":false},"author":1,"featured_media":0,"comment_status":"open","ping_status":"open","sticky":false,"template":"","format":"standard","meta":{"footnotes":""},"categories":[4],"tags":[],"class_list":["post-400","post","type-post","status-publish","format-standard","hentry","category-informes-especializados"],"_links":{"self":[{"href":"https:\/\/blogs.uo.edu.cu\/cvcenit\/wp-json\/wp\/v2\/posts\/400","targetHints":{"allow":["GET"]}}],"collection":[{"href":"https:\/\/blogs.uo.edu.cu\/cvcenit\/wp-json\/wp\/v2\/posts"}],"about":[{"href":"https:\/\/blogs.uo.edu.cu\/cvcenit\/wp-json\/wp\/v2\/types\/post"}],"author":[{"embeddable":true,"href":"https:\/\/blogs.uo.edu.cu\/cvcenit\/wp-json\/wp\/v2\/users\/1"}],"replies":[{"embeddable":true,"href":"https:\/\/blogs.uo.edu.cu\/cvcenit\/wp-json\/wp\/v2\/comments?post=400"}],"version-history":[{"count":1,"href":"https:\/\/blogs.uo.edu.cu\/cvcenit\/wp-json\/wp\/v2\/posts\/400\/revisions"}],"predecessor-version":[{"id":728,"href":"https:\/\/blogs.uo.edu.cu\/cvcenit\/wp-json\/wp\/v2\/posts\/400\/revisions\/728"}],"wp:attachment":[{"href":"https:\/\/blogs.uo.edu.cu\/cvcenit\/wp-json\/wp\/v2\/media?parent=400"}],"wp:term":[{"taxonomy":"category","embeddable":true,"href":"https:\/\/blogs.uo.edu.cu\/cvcenit\/wp-json\/wp\/v2\/categories?post=400"},{"taxonomy":"post_tag","embeddable":true,"href":"https:\/\/blogs.uo.edu.cu\/cvcenit\/wp-json\/wp\/v2\/tags?post=400"}],"curies":[{"name":"wp","href":"https:\/\/api.w.org\/{rel}","templated":true}]}}