{"id":1766,"date":"2019-06-03T15:38:31","date_gmt":"2019-06-03T15:38:31","guid":{"rendered":"http:\/\/localhost\/doctoradoWeb\/?p=1766"},"modified":"2021-12-09T20:25:19","modified_gmt":"2021-12-09T19:25:19","slug":"pagina-1","status":"publish","type":"post","link":"https:\/\/blogs.uo.edu.cu\/doctoradocienciasambientales\/2019\/06\/03\/pagina-1\/","title":{"rendered":"Nuestros Graduados"},"content":{"rendered":"\n<p>El Programa de Doctorado tiene actualmente 7 graduados, de los cuales 4 han obtenido doble titulaci\u00f3n en universidades belgas.<\/p>\n\n\n\n<figure class=\"wp-block-table is-style-stripes\"><table><thead><tr><th class=\"has-text-align-left\" data-align=\"left\">Tema de tesis<\/th><th>Dr.C.<\/th><th>A\u00f1o de defensa<\/th><th>Tribunal<\/th><\/tr><\/thead><tbody><tr><td class=\"has-text-align-left\" data-align=\"left\">1. Diversidad de liquenes ep\u00edfitos <\/td><td>Dania Rosabal L\u00f3pez<\/td><td>2015<\/td><td>Ciencias Biol\u00f3gicas<\/td><\/tr><tr><td class=\"has-text-align-left\" data-align=\"left\">2. Efectos de riego con agua tratada magn\u00e9ticamente sobre el metabolismo nutricional de plantas de <em>Lycopersicon esculentum<\/em><\/td><td>Albys Esther Ferrer Dubois *<\/td><td>2016<\/td><td>Ciencias de la Salud<\/td><\/tr><tr><td class=\"has-text-align-left\" data-align=\"left\">3. Estudio del efecto del riego con agua tratada magn\u00e9ticamente sobre plantas de <em>Rosmarinus officinalis<\/em> L (Romero): Un enfoque fisiol\u00f3gico, fotoqu\u00edmico y farmacol\u00f3gico<\/td><td>YilanFung Bois *<\/td><td>2016<\/td><td>Ciencias de la Salud<\/td><\/tr><tr><td class=\"has-text-align-left\" data-align=\"left\">4. Evaluaci\u00f3n del efecto t\u00e9rmico de los campos electromagn\u00e9ticos en radiofrecuencia en tejidos biol\u00f3gicos<\/td><td>Douglas De\u00e1s Yero**<\/td><td>2018<\/td><td>Ciencias Biom\u00e9dicas<\/td><\/tr><tr><td class=\"has-text-align-left\" data-align=\"left\">5. Efectos estimulantes de bajas dosis de rayos X y brasinoesteroides en el incremento de la tolerancia a la salinidad en hortalizas<\/td><td>Yanelis Camejo<\/td><td>2017<\/td><td>Ciencias Agr\u00edcolas<\/td><\/tr><tr><td class=\"has-text-align-left\" data-align=\"left\">6. Variables que modulan la relaci\u00f3n capilaridad-deterioro en edificaciones del centro hist\u00f3rico de Santiago de Cuba<\/td><td>Mayel\u00edn Gonz\u00e1lez Trujillo<\/td><td>2017<\/td><td>Ciencias T\u00e9cnicas<\/td><\/tr><tr><td class=\"has-text-align-left\" data-align=\"left\">7. On the taxonomy and phylogeny of marine Rhabdocoela (Platyhelminthes), with emphasis on the fauna of Cuba.<\/td><td>Yander Luis Diez Gonz\u00e1lez *<\/td><td>2019<\/td><td>Ciencias Biol\u00f3gicas<\/td><\/tr><\/tbody><\/table><figcaption>* Doble titulaci\u00f3n con la Universidad de Hasselt<br> ** Doble titulaci\u00f3n con la Universidad de Leuven<\/figcaption><\/figure>\n\n\n\n<p><\/p>\n","protected":false},"excerpt":{"rendered":"<p>El Programa de Doctorado tiene actualmente 7 graduados, de los cuales 4 han obtenido doble titulaci\u00f3n en universidades belgas. Tema &hellip; <\/p>\n","protected":false},"author":937,"featured_media":2091,"comment_status":"open","ping_status":"open","sticky":false,"template":"","format":"standard","meta":{"_uag_custom_page_level_css":"","ngg_post_thumbnail":0,"footnotes":""},"categories":[1],"tags":[],"class_list":["post-1766","post","type-post","status-publish","format-standard","has-post-thumbnail","hentry","category-sin-categoria"],"uagb_featured_image_src":{"full":["https:\/\/blogs.uo.edu.cu\/doctoradocienciasambientales\/wp-content\/uploads\/sites\/47\/2019\/06\/testimonial-icon1.png",63,37,false],"thumbnail":["https:\/\/blogs.uo.edu.cu\/doctoradocienciasambientales\/wp-content\/uploads\/sites\/47\/2019\/06\/testimonial-icon1.png",63,37,false],"medium":["https:\/\/blogs.uo.edu.cu\/doctoradocienciasambientales\/wp-content\/uploads\/sites\/47\/2019\/06\/testimonial-icon1.png",63,37,false],"medium_large":["https:\/\/blogs.uo.edu.cu\/doctoradocienciasambientales\/wp-content\/uploads\/sites\/47\/2019\/06\/testimonial-icon1.png",63,37,false],"large":["https:\/\/blogs.uo.edu.cu\/doctoradocienciasambientales\/wp-content\/uploads\/sites\/47\/2019\/06\/testimonial-icon1.png",63,37,false],"1536x1536":["https:\/\/blogs.uo.edu.cu\/doctoradocienciasambientales\/wp-content\/uploads\/sites\/47\/2019\/06\/testimonial-icon1.png",63,37,false],"2048x2048":["https:\/\/blogs.uo.edu.cu\/doctoradocienciasambientales\/wp-content\/uploads\/sites\/47\/2019\/06\/testimonial-icon1.png",63,37,false],"education-zone-banner":["https:\/\/blogs.uo.edu.cu\/doctoradocienciasambientales\/wp-content\/uploads\/sites\/47\/2019\/06\/testimonial-icon1.png",63,37,false],"education-zone-image-full":["https:\/\/blogs.uo.edu.cu\/doctoradocienciasambientales\/wp-content\/uploads\/sites\/47\/2019\/06\/testimonial-icon1.png",63,37,false],"education-zone-image":["https:\/\/blogs.uo.edu.cu\/doctoradocienciasambientales\/wp-content\/uploads\/sites\/47\/2019\/06\/testimonial-icon1.png",63,37,false],"education-zone-recent-post":["https:\/\/blogs.uo.edu.cu\/doctoradocienciasambientales\/wp-content\/uploads\/sites\/47\/2019\/06\/testimonial-icon1.png",63,37,false],"education-zone-search-result":["https:\/\/blogs.uo.edu.cu\/doctoradocienciasambientales\/wp-content\/uploads\/sites\/47\/2019\/06\/testimonial-icon1.png",63,37,false],"education-zone-featured-course":["https:\/\/blogs.uo.edu.cu\/doctoradocienciasambientales\/wp-content\/uploads\/sites\/47\/2019\/06\/testimonial-icon1.png",63,37,false],"education-zone-testimonial":["https:\/\/blogs.uo.edu.cu\/doctoradocienciasambientales\/wp-content\/uploads\/sites\/47\/2019\/06\/testimonial-icon1.png",63,37,false],"education-zone-blog-full":["https:\/\/blogs.uo.edu.cu\/doctoradocienciasambientales\/wp-content\/uploads\/sites\/47\/2019\/06\/testimonial-icon1.png",63,37,false]},"uagb_author_info":{"display_name":"doctoradocienciasambientales","author_link":"https:\/\/blogs.uo.edu.cu\/doctoradocienciasambientales\/author\/doctoradocienciasambientales\/"},"uagb_comment_info":0,"uagb_excerpt":"El Programa de Doctorado tiene actualmente 7 graduados, de los cuales 4 han obtenido doble titulaci\u00f3n en universidades belgas. Tema &hellip;","_links":{"self":[{"href":"https:\/\/blogs.uo.edu.cu\/doctoradocienciasambientales\/wp-json\/wp\/v2\/posts\/1766","targetHints":{"allow":["GET"]}}],"collection":[{"href":"https:\/\/blogs.uo.edu.cu\/doctoradocienciasambientales\/wp-json\/wp\/v2\/posts"}],"about":[{"href":"https:\/\/blogs.uo.edu.cu\/doctoradocienciasambientales\/wp-json\/wp\/v2\/types\/post"}],"author":[{"embeddable":true,"href":"https:\/\/blogs.uo.edu.cu\/doctoradocienciasambientales\/wp-json\/wp\/v2\/users\/937"}],"replies":[{"embeddable":true,"href":"https:\/\/blogs.uo.edu.cu\/doctoradocienciasambientales\/wp-json\/wp\/v2\/comments?post=1766"}],"version-history":[{"count":20,"href":"https:\/\/blogs.uo.edu.cu\/doctoradocienciasambientales\/wp-json\/wp\/v2\/posts\/1766\/revisions"}],"predecessor-version":[{"id":2300,"href":"https:\/\/blogs.uo.edu.cu\/doctoradocienciasambientales\/wp-json\/wp\/v2\/posts\/1766\/revisions\/2300"}],"wp:featuredmedia":[{"embeddable":true,"href":"https:\/\/blogs.uo.edu.cu\/doctoradocienciasambientales\/wp-json\/wp\/v2\/media\/2091"}],"wp:attachment":[{"href":"https:\/\/blogs.uo.edu.cu\/doctoradocienciasambientales\/wp-json\/wp\/v2\/media?parent=1766"}],"wp:term":[{"taxonomy":"category","embeddable":true,"href":"https:\/\/blogs.uo.edu.cu\/doctoradocienciasambientales\/wp-json\/wp\/v2\/categories?post=1766"},{"taxonomy":"post_tag","embeddable":true,"href":"https:\/\/blogs.uo.edu.cu\/doctoradocienciasambientales\/wp-json\/wp\/v2\/tags?post=1766"}],"curies":[{"name":"wp","href":"https:\/\/api.w.org\/{rel}","templated":true}]}}