{"id":1774,"date":"2019-06-03T15:39:57","date_gmt":"2019-06-03T15:39:57","guid":{"rendered":"http:\/\/localhost\/doctoradoWeb\/?p=1774"},"modified":"2022-02-14T19:29:55","modified_gmt":"2022-02-14T18:29:55","slug":"pagina-4","status":"publish","type":"post","link":"https:\/\/blogs.uo.edu.cu\/doctoradocienciasambientales\/2019\/06\/03\/pagina-4\/","title":{"rendered":"Calendario"},"content":{"rendered":"\n<p>El calendario del Programa de Doctorado est\u00e1 planificado bajo un gr\u00e1fico de tiempo parcial (3 a\u00f1os) o a tiempo completo (4 a\u00f1os).<\/p>\n\n\n\n<h1 class=\"wp-block-heading\">Calendario del Programa de Doctorado planificado para 3 a\u00f1os<\/h1>\n\n\n\n<p>Gr\u00e1fico de trabajo para la duraci\u00f3n m\u00ednima del doctorado (Tiempo completo)<\/p>\n\n\n\n<figure class=\"wp-block-image size-full\"><img fetchpriority=\"high\" decoding=\"async\" width=\"862\" height=\"276\" src=\"http:\/\/blogs.uo.edu.cu\/doctoradocienciasambientales\/wp-content\/uploads\/sites\/47\/2019\/06\/1.png\" alt=\"\" class=\"wp-image-2410\" srcset=\"https:\/\/blogs.uo.edu.cu\/doctoradocienciasambientales\/wp-content\/uploads\/sites\/47\/2019\/06\/1.png 862w, https:\/\/blogs.uo.edu.cu\/doctoradocienciasambientales\/wp-content\/uploads\/sites\/47\/2019\/06\/1-300x96.png 300w, https:\/\/blogs.uo.edu.cu\/doctoradocienciasambientales\/wp-content\/uploads\/sites\/47\/2019\/06\/1-768x246.png 768w\" sizes=\"(max-width: 862px) 100vw, 862px\" \/><\/figure>\n\n\n\n<h1 class=\"wp-block-heading\">Calendario del Programa de Doctorado planificado para 4 a\u00f1os (a sesionar una semana de cada mes)<\/h1>\n\n\n\n<p>Gr\u00e1fico de trabajo para la duraci\u00f3n m\u00e1xima del doctorado (Dedicaci\u00f3n Parcial)<\/p>\n\n\n\n<figure class=\"wp-block-image size-full\"><img decoding=\"async\" width=\"858\" height=\"251\" src=\"http:\/\/blogs.uo.edu.cu\/doctoradocienciasambientales\/wp-content\/uploads\/sites\/47\/2019\/06\/2.png\" alt=\"\" class=\"wp-image-2409\" srcset=\"https:\/\/blogs.uo.edu.cu\/doctoradocienciasambientales\/wp-content\/uploads\/sites\/47\/2019\/06\/2.png 858w, https:\/\/blogs.uo.edu.cu\/doctoradocienciasambientales\/wp-content\/uploads\/sites\/47\/2019\/06\/2-300x88.png 300w, https:\/\/blogs.uo.edu.cu\/doctoradocienciasambientales\/wp-content\/uploads\/sites\/47\/2019\/06\/2-768x225.png 768w\" sizes=\"(max-width: 858px) 100vw, 858px\" \/><\/figure>\n","protected":false},"excerpt":{"rendered":"<p>El calendario del Programa de Doctorado est\u00e1 planificado bajo un gr\u00e1fico de tiempo parcial (3 a\u00f1os) o a tiempo completo &hellip; <\/p>\n","protected":false},"author":937,"featured_media":2097,"comment_status":"open","ping_status":"open","sticky":false,"template":"","format":"standard","meta":{"_uag_custom_page_level_css":"","ngg_post_thumbnail":0,"footnotes":""},"categories":[1],"tags":[],"class_list":["post-1774","post","type-post","status-publish","format-standard","has-post-thumbnail","hentry","category-sin-categoria"],"uagb_featured_image_src":{"full":["https:\/\/blogs.uo.edu.cu\/doctoradocienciasambientales\/wp-content\/uploads\/sites\/47\/2019\/06\/testimonial-icon4.png",37,41,false],"thumbnail":["https:\/\/blogs.uo.edu.cu\/doctoradocienciasambientales\/wp-content\/uploads\/sites\/47\/2019\/06\/testimonial-icon4.png",37,41,false],"medium":["https:\/\/blogs.uo.edu.cu\/doctoradocienciasambientales\/wp-content\/uploads\/sites\/47\/2019\/06\/testimonial-icon4.png",37,41,false],"medium_large":["https:\/\/blogs.uo.edu.cu\/doctoradocienciasambientales\/wp-content\/uploads\/sites\/47\/2019\/06\/testimonial-icon4.png",37,41,false],"large":["https:\/\/blogs.uo.edu.cu\/doctoradocienciasambientales\/wp-content\/uploads\/sites\/47\/2019\/06\/testimonial-icon4.png",37,41,false],"1536x1536":["https:\/\/blogs.uo.edu.cu\/doctoradocienciasambientales\/wp-content\/uploads\/sites\/47\/2019\/06\/testimonial-icon4.png",37,41,false],"2048x2048":["https:\/\/blogs.uo.edu.cu\/doctoradocienciasambientales\/wp-content\/uploads\/sites\/47\/2019\/06\/testimonial-icon4.png",37,41,false],"education-zone-banner":["https:\/\/blogs.uo.edu.cu\/doctoradocienciasambientales\/wp-content\/uploads\/sites\/47\/2019\/06\/testimonial-icon4.png",37,41,false],"education-zone-image-full":["https:\/\/blogs.uo.edu.cu\/doctoradocienciasambientales\/wp-content\/uploads\/sites\/47\/2019\/06\/testimonial-icon4.png",37,41,false],"education-zone-image":["https:\/\/blogs.uo.edu.cu\/doctoradocienciasambientales\/wp-content\/uploads\/sites\/47\/2019\/06\/testimonial-icon4.png",37,41,false],"education-zone-recent-post":["https:\/\/blogs.uo.edu.cu\/doctoradocienciasambientales\/wp-content\/uploads\/sites\/47\/2019\/06\/testimonial-icon4.png",37,41,false],"education-zone-search-result":["https:\/\/blogs.uo.edu.cu\/doctoradocienciasambientales\/wp-content\/uploads\/sites\/47\/2019\/06\/testimonial-icon4.png",37,41,false],"education-zone-featured-course":["https:\/\/blogs.uo.edu.cu\/doctoradocienciasambientales\/wp-content\/uploads\/sites\/47\/2019\/06\/testimonial-icon4.png",37,41,false],"education-zone-testimonial":["https:\/\/blogs.uo.edu.cu\/doctoradocienciasambientales\/wp-content\/uploads\/sites\/47\/2019\/06\/testimonial-icon4.png",37,41,false],"education-zone-blog-full":["https:\/\/blogs.uo.edu.cu\/doctoradocienciasambientales\/wp-content\/uploads\/sites\/47\/2019\/06\/testimonial-icon4.png",37,41,false]},"uagb_author_info":{"display_name":"doctoradocienciasambientales","author_link":"https:\/\/blogs.uo.edu.cu\/doctoradocienciasambientales\/author\/doctoradocienciasambientales\/"},"uagb_comment_info":0,"uagb_excerpt":"El calendario del Programa de Doctorado est\u00e1 planificado bajo un gr\u00e1fico de tiempo parcial (3 a\u00f1os) o a tiempo completo &hellip;","_links":{"self":[{"href":"https:\/\/blogs.uo.edu.cu\/doctoradocienciasambientales\/wp-json\/wp\/v2\/posts\/1774","targetHints":{"allow":["GET"]}}],"collection":[{"href":"https:\/\/blogs.uo.edu.cu\/doctoradocienciasambientales\/wp-json\/wp\/v2\/posts"}],"about":[{"href":"https:\/\/blogs.uo.edu.cu\/doctoradocienciasambientales\/wp-json\/wp\/v2\/types\/post"}],"author":[{"embeddable":true,"href":"https:\/\/blogs.uo.edu.cu\/doctoradocienciasambientales\/wp-json\/wp\/v2\/users\/937"}],"replies":[{"embeddable":true,"href":"https:\/\/blogs.uo.edu.cu\/doctoradocienciasambientales\/wp-json\/wp\/v2\/comments?post=1774"}],"version-history":[{"count":3,"href":"https:\/\/blogs.uo.edu.cu\/doctoradocienciasambientales\/wp-json\/wp\/v2\/posts\/1774\/revisions"}],"predecessor-version":[{"id":2411,"href":"https:\/\/blogs.uo.edu.cu\/doctoradocienciasambientales\/wp-json\/wp\/v2\/posts\/1774\/revisions\/2411"}],"wp:featuredmedia":[{"embeddable":true,"href":"https:\/\/blogs.uo.edu.cu\/doctoradocienciasambientales\/wp-json\/wp\/v2\/media\/2097"}],"wp:attachment":[{"href":"https:\/\/blogs.uo.edu.cu\/doctoradocienciasambientales\/wp-json\/wp\/v2\/media?parent=1774"}],"wp:term":[{"taxonomy":"category","embeddable":true,"href":"https:\/\/blogs.uo.edu.cu\/doctoradocienciasambientales\/wp-json\/wp\/v2\/categories?post=1774"},{"taxonomy":"post_tag","embeddable":true,"href":"https:\/\/blogs.uo.edu.cu\/doctoradocienciasambientales\/wp-json\/wp\/v2\/tags?post=1774"}],"curies":[{"name":"wp","href":"https:\/\/api.w.org\/{rel}","templated":true}]}}