{"id":2150,"date":"2020-03-12T19:13:07","date_gmt":"2020-03-12T18:13:07","guid":{"rendered":"http:\/\/blogs.uo.edu.cu\/doctoradocienciasambientales\/?p=2150"},"modified":"2024-01-23T18:03:31","modified_gmt":"2024-01-23T17:03:31","slug":"luisa-valles-2","status":"publish","type":"post","link":"https:\/\/blogs.uo.edu.cu\/doctoradocienciasambientales\/2020\/03\/12\/luisa-valles-2\/","title":{"rendered":"Gesti\u00f3n Integrada de Ecosistemas y Recursos"},"content":{"rendered":"\n<div class=\"wp-block-group\"><div class=\"wp-block-group__inner-container is-layout-flow wp-block-group-is-layout-flow\">\n<p class=\"has-white-color has-text-color has-link-color wp-elements-772dd6c5bd6858992f1a2992394afdd6\"><a href=\"https:\/\/blogs.uo.edu.cu\/doctoradocienciasambientales\/gestion-integrada-de-ecosistemas-y-recursos\/\" data-type=\"link\" data-id=\"https:\/\/blogs.uo.edu.cu\/doctoradocienciasambientales\/gestion-integrada-de-ecosistemas-y-recursos\/\">La l\u00ednea de investigaci\u00f3n gesti\u00f3n integrada de recursos naturales para la mitigaci\u00f3n de impactos medioambientales, tiene como objetivo general: generar nuevos conocimientos cient\u00edficos y capacidades institucionales de excelencia que contribuyan a la adaptaci\u00f3n y mitigaci\u00f3n del cambio clim\u00e1tico, la elevaci\u00f3n de la calidad de vida y la gesti\u00f3n sostenible de los ecosistemas y asentamientos humanos, partiendo de investigaciones sobre sus componentes y procesos de forma hol\u00edstica, conciliando acciones de conservaci\u00f3n y\/o protecci\u00f3n con el desarrollo, en consonancia con la estrategia ambiental nacional, con particular inter\u00e9s en la regi\u00f3n oriental de Cuba.<\/a><\/p>\n<\/div><\/div>\n\n\n\n<p class=\"has-black-color has-text-color\"><\/p>\n","protected":false},"excerpt":{"rendered":"<p>La l\u00ednea de investigaci\u00f3n gesti\u00f3n integrada de recursos naturales para la mitigaci\u00f3n de impactos medioambientales, tiene como objetivo general: generar &hellip; <\/p>\n","protected":false},"author":937,"featured_media":2181,"comment_status":"open","ping_status":"open","sticky":false,"template":"","format":"standard","meta":{"_uag_custom_page_level_css":"","ngg_post_thumbnail":0,"footnotes":""},"categories":[53],"tags":[],"class_list":["post-2150","post","type-post","status-publish","format-standard","has-post-thumbnail","hentry","category-testimonios"],"uagb_featured_image_src":{"full":["https:\/\/blogs.uo.edu.cu\/doctoradocienciasambientales\/wp-content\/uploads\/sites\/47\/2020\/03\/mano-sembrando-semillas-suelo-planta-creciente-concepto-paso_34152-110.jpg",626,414,false],"thumbnail":["https:\/\/blogs.uo.edu.cu\/doctoradocienciasambientales\/wp-content\/uploads\/sites\/47\/2020\/03\/mano-sembrando-semillas-suelo-planta-creciente-concepto-paso_34152-110-150x150.jpg",150,150,true],"medium":["https:\/\/blogs.uo.edu.cu\/doctoradocienciasambientales\/wp-content\/uploads\/sites\/47\/2020\/03\/mano-sembrando-semillas-suelo-planta-creciente-concepto-paso_34152-110-300x198.jpg",300,198,true],"medium_large":["https:\/\/blogs.uo.edu.cu\/doctoradocienciasambientales\/wp-content\/uploads\/sites\/47\/2020\/03\/mano-sembrando-semillas-suelo-planta-creciente-concepto-paso_34152-110.jpg",626,414,false],"large":["https:\/\/blogs.uo.edu.cu\/doctoradocienciasambientales\/wp-content\/uploads\/sites\/47\/2020\/03\/mano-sembrando-semillas-suelo-planta-creciente-concepto-paso_34152-110.jpg",626,414,false],"1536x1536":["https:\/\/blogs.uo.edu.cu\/doctoradocienciasambientales\/wp-content\/uploads\/sites\/47\/2020\/03\/mano-sembrando-semillas-suelo-planta-creciente-concepto-paso_34152-110.jpg",626,414,false],"2048x2048":["https:\/\/blogs.uo.edu.cu\/doctoradocienciasambientales\/wp-content\/uploads\/sites\/47\/2020\/03\/mano-sembrando-semillas-suelo-planta-creciente-concepto-paso_34152-110.jpg",626,414,false],"education-zone-banner":["https:\/\/blogs.uo.edu.cu\/doctoradocienciasambientales\/wp-content\/uploads\/sites\/47\/2020\/03\/mano-sembrando-semillas-suelo-planta-creciente-concepto-paso_34152-110.jpg",626,414,false],"education-zone-image-full":["https:\/\/blogs.uo.edu.cu\/doctoradocienciasambientales\/wp-content\/uploads\/sites\/47\/2020\/03\/mano-sembrando-semillas-suelo-planta-creciente-concepto-paso_34152-110.jpg",626,414,false],"education-zone-image":["https:\/\/blogs.uo.edu.cu\/doctoradocienciasambientales\/wp-content\/uploads\/sites\/47\/2020\/03\/mano-sembrando-semillas-suelo-planta-creciente-concepto-paso_34152-110.jpg",626,414,false],"education-zone-recent-post":["https:\/\/blogs.uo.edu.cu\/doctoradocienciasambientales\/wp-content\/uploads\/sites\/47\/2020\/03\/mano-sembrando-semillas-suelo-planta-creciente-concepto-paso_34152-110-70x70.jpg",70,70,true],"education-zone-search-result":["https:\/\/blogs.uo.edu.cu\/doctoradocienciasambientales\/wp-content\/uploads\/sites\/47\/2020\/03\/mano-sembrando-semillas-suelo-planta-creciente-concepto-paso_34152-110-246x246.jpg",246,246,true],"education-zone-featured-course":["https:\/\/blogs.uo.edu.cu\/doctoradocienciasambientales\/wp-content\/uploads\/sites\/47\/2020\/03\/mano-sembrando-semillas-suelo-planta-creciente-concepto-paso_34152-110-276x276.jpg",276,276,true],"education-zone-testimonial":["https:\/\/blogs.uo.edu.cu\/doctoradocienciasambientales\/wp-content\/uploads\/sites\/47\/2020\/03\/mano-sembrando-semillas-suelo-planta-creciente-concepto-paso_34152-110-125x125.jpg",125,125,true],"education-zone-blog-full":["https:\/\/blogs.uo.edu.cu\/doctoradocienciasambientales\/wp-content\/uploads\/sites\/47\/2020\/03\/mano-sembrando-semillas-suelo-planta-creciente-concepto-paso_34152-110.jpg",626,414,false]},"uagb_author_info":{"display_name":"doctoradocienciasambientales","author_link":"https:\/\/blogs.uo.edu.cu\/doctoradocienciasambientales\/author\/doctoradocienciasambientales\/"},"uagb_comment_info":0,"uagb_excerpt":"La l\u00ednea de investigaci\u00f3n gesti\u00f3n integrada de recursos naturales para la mitigaci\u00f3n de impactos medioambientales, tiene como objetivo general: generar &hellip;","_links":{"self":[{"href":"https:\/\/blogs.uo.edu.cu\/doctoradocienciasambientales\/wp-json\/wp\/v2\/posts\/2150","targetHints":{"allow":["GET"]}}],"collection":[{"href":"https:\/\/blogs.uo.edu.cu\/doctoradocienciasambientales\/wp-json\/wp\/v2\/posts"}],"about":[{"href":"https:\/\/blogs.uo.edu.cu\/doctoradocienciasambientales\/wp-json\/wp\/v2\/types\/post"}],"author":[{"embeddable":true,"href":"https:\/\/blogs.uo.edu.cu\/doctoradocienciasambientales\/wp-json\/wp\/v2\/users\/937"}],"replies":[{"embeddable":true,"href":"https:\/\/blogs.uo.edu.cu\/doctoradocienciasambientales\/wp-json\/wp\/v2\/comments?post=2150"}],"version-history":[{"count":15,"href":"https:\/\/blogs.uo.edu.cu\/doctoradocienciasambientales\/wp-json\/wp\/v2\/posts\/2150\/revisions"}],"predecessor-version":[{"id":2840,"href":"https:\/\/blogs.uo.edu.cu\/doctoradocienciasambientales\/wp-json\/wp\/v2\/posts\/2150\/revisions\/2840"}],"wp:featuredmedia":[{"embeddable":true,"href":"https:\/\/blogs.uo.edu.cu\/doctoradocienciasambientales\/wp-json\/wp\/v2\/media\/2181"}],"wp:attachment":[{"href":"https:\/\/blogs.uo.edu.cu\/doctoradocienciasambientales\/wp-json\/wp\/v2\/media?parent=2150"}],"wp:term":[{"taxonomy":"category","embeddable":true,"href":"https:\/\/blogs.uo.edu.cu\/doctoradocienciasambientales\/wp-json\/wp\/v2\/categories?post=2150"},{"taxonomy":"post_tag","embeddable":true,"href":"https:\/\/blogs.uo.edu.cu\/doctoradocienciasambientales\/wp-json\/wp\/v2\/tags?post=2150"}],"curies":[{"name":"wp","href":"https:\/\/api.w.org\/{rel}","templated":true}]}}