{"id":2153,"date":"2020-03-12T19:13:41","date_gmt":"2020-03-12T18:13:41","guid":{"rendered":"http:\/\/blogs.uo.edu.cu\/doctoradocienciasambientales\/?p=2153"},"modified":"2024-01-23T18:00:12","modified_gmt":"2024-01-23T17:00:12","slug":"juan-montesinos","status":"publish","type":"post","link":"https:\/\/blogs.uo.edu.cu\/doctoradocienciasambientales\/2020\/03\/12\/juan-montesinos\/","title":{"rendered":"Gesti\u00f3n del riesgo para el desarrollo"},"content":{"rendered":"\n<p class=\"has-white-color has-text-color has-link-color wp-elements-00fd50da995cccaf7607a9e7c10b882b\"><a href=\"https:\/\/blogs.uo.edu.cu\/doctoradocienciasambientales\/gestion-de-riesgos-para-el-desarrollo-grd\/\" data-type=\"link\" data-id=\"https:\/\/blogs.uo.edu.cu\/doctoradocienciasambientales\/gestion-de-riesgos-para-el-desarrollo-grd\/\">Esta l\u00ednea tiene como objetivo general generar nuevos conocimientos cient\u00edficos y capacidades institucionales de excelencia que contribuyan a la adaptaci\u00f3n y mitigaci\u00f3n del cambio clim\u00e1tico, a la elevaci\u00f3n de la calidad de vida y la sostenibilidad, con un enfoque orientado a la gesti\u00f3n del riesgo en espacios de relevancia social, en estrecho v\u00ednculo con la salud humana, con particular inter\u00e9s en la regi\u00f3n oriental de Cuba.&nbsp; Tiene especial v\u00ednculo con la Tarea Vida, en consonancia con la estrategia ambiental nacional, se destaca por su relevancia social y la integridad de enfoques que se necesitan para el abordaje de investigaciones que, dentro de la esencialidad de las Ciencias Ambientales, consideren el tema de los riesgos.<\/a><\/p>\n","protected":false},"excerpt":{"rendered":"<p>Esta l\u00ednea tiene como objetivo general generar nuevos conocimientos cient\u00edficos y capacidades institucionales de excelencia que contribuyan a la adaptaci\u00f3n &hellip; <\/p>\n","protected":false},"author":937,"featured_media":2172,"comment_status":"open","ping_status":"open","sticky":false,"template":"","format":"standard","meta":{"_uag_custom_page_level_css":"","ngg_post_thumbnail":0,"footnotes":""},"categories":[53],"tags":[],"class_list":["post-2153","post","type-post","status-publish","format-standard","has-post-thumbnail","hentry","category-testimonios"],"uagb_featured_image_src":{"full":["https:\/\/blogs.uo.edu.cu\/doctoradocienciasambientales\/wp-content\/uploads\/sites\/47\/2020\/03\/el-agua-en-los-alimentos-del-mundo.jpg",1000,650,false],"thumbnail":["https:\/\/blogs.uo.edu.cu\/doctoradocienciasambientales\/wp-content\/uploads\/sites\/47\/2020\/03\/el-agua-en-los-alimentos-del-mundo-150x150.jpg",150,150,true],"medium":["https:\/\/blogs.uo.edu.cu\/doctoradocienciasambientales\/wp-content\/uploads\/sites\/47\/2020\/03\/el-agua-en-los-alimentos-del-mundo-300x195.jpg",300,195,true],"medium_large":["https:\/\/blogs.uo.edu.cu\/doctoradocienciasambientales\/wp-content\/uploads\/sites\/47\/2020\/03\/el-agua-en-los-alimentos-del-mundo-768x499.jpg",750,487,true],"large":["https:\/\/blogs.uo.edu.cu\/doctoradocienciasambientales\/wp-content\/uploads\/sites\/47\/2020\/03\/el-agua-en-los-alimentos-del-mundo.jpg",750,488,false],"1536x1536":["https:\/\/blogs.uo.edu.cu\/doctoradocienciasambientales\/wp-content\/uploads\/sites\/47\/2020\/03\/el-agua-en-los-alimentos-del-mundo.jpg",1000,650,false],"2048x2048":["https:\/\/blogs.uo.edu.cu\/doctoradocienciasambientales\/wp-content\/uploads\/sites\/47\/2020\/03\/el-agua-en-los-alimentos-del-mundo.jpg",1000,650,false],"education-zone-banner":["https:\/\/blogs.uo.edu.cu\/doctoradocienciasambientales\/wp-content\/uploads\/sites\/47\/2020\/03\/el-agua-en-los-alimentos-del-mundo.jpg",1000,650,false],"education-zone-image-full":["https:\/\/blogs.uo.edu.cu\/doctoradocienciasambientales\/wp-content\/uploads\/sites\/47\/2020\/03\/el-agua-en-los-alimentos-del-mundo-1000x458.jpg",1000,458,true],"education-zone-image":["https:\/\/blogs.uo.edu.cu\/doctoradocienciasambientales\/wp-content\/uploads\/sites\/47\/2020\/03\/el-agua-en-los-alimentos-del-mundo-750x458.jpg",750,458,true],"education-zone-recent-post":["https:\/\/blogs.uo.edu.cu\/doctoradocienciasambientales\/wp-content\/uploads\/sites\/47\/2020\/03\/el-agua-en-los-alimentos-del-mundo-70x70.jpg",70,70,true],"education-zone-search-result":["https:\/\/blogs.uo.edu.cu\/doctoradocienciasambientales\/wp-content\/uploads\/sites\/47\/2020\/03\/el-agua-en-los-alimentos-del-mundo-246x246.jpg",246,246,true],"education-zone-featured-course":["https:\/\/blogs.uo.edu.cu\/doctoradocienciasambientales\/wp-content\/uploads\/sites\/47\/2020\/03\/el-agua-en-los-alimentos-del-mundo-276x276.jpg",276,276,true],"education-zone-testimonial":["https:\/\/blogs.uo.edu.cu\/doctoradocienciasambientales\/wp-content\/uploads\/sites\/47\/2020\/03\/el-agua-en-los-alimentos-del-mundo-125x125.jpg",125,125,true],"education-zone-blog-full":["https:\/\/blogs.uo.edu.cu\/doctoradocienciasambientales\/wp-content\/uploads\/sites\/47\/2020\/03\/el-agua-en-los-alimentos-del-mundo-848x480.jpg",848,480,true]},"uagb_author_info":{"display_name":"doctoradocienciasambientales","author_link":"https:\/\/blogs.uo.edu.cu\/doctoradocienciasambientales\/author\/doctoradocienciasambientales\/"},"uagb_comment_info":0,"uagb_excerpt":"Esta l\u00ednea tiene como objetivo general generar nuevos conocimientos cient\u00edficos y capacidades institucionales de excelencia que contribuyan a la adaptaci\u00f3n &hellip;","_links":{"self":[{"href":"https:\/\/blogs.uo.edu.cu\/doctoradocienciasambientales\/wp-json\/wp\/v2\/posts\/2153","targetHints":{"allow":["GET"]}}],"collection":[{"href":"https:\/\/blogs.uo.edu.cu\/doctoradocienciasambientales\/wp-json\/wp\/v2\/posts"}],"about":[{"href":"https:\/\/blogs.uo.edu.cu\/doctoradocienciasambientales\/wp-json\/wp\/v2\/types\/post"}],"author":[{"embeddable":true,"href":"https:\/\/blogs.uo.edu.cu\/doctoradocienciasambientales\/wp-json\/wp\/v2\/users\/937"}],"replies":[{"embeddable":true,"href":"https:\/\/blogs.uo.edu.cu\/doctoradocienciasambientales\/wp-json\/wp\/v2\/comments?post=2153"}],"version-history":[{"count":5,"href":"https:\/\/blogs.uo.edu.cu\/doctoradocienciasambientales\/wp-json\/wp\/v2\/posts\/2153\/revisions"}],"predecessor-version":[{"id":2836,"href":"https:\/\/blogs.uo.edu.cu\/doctoradocienciasambientales\/wp-json\/wp\/v2\/posts\/2153\/revisions\/2836"}],"wp:featuredmedia":[{"embeddable":true,"href":"https:\/\/blogs.uo.edu.cu\/doctoradocienciasambientales\/wp-json\/wp\/v2\/media\/2172"}],"wp:attachment":[{"href":"https:\/\/blogs.uo.edu.cu\/doctoradocienciasambientales\/wp-json\/wp\/v2\/media?parent=2153"}],"wp:term":[{"taxonomy":"category","embeddable":true,"href":"https:\/\/blogs.uo.edu.cu\/doctoradocienciasambientales\/wp-json\/wp\/v2\/categories?post=2153"},{"taxonomy":"post_tag","embeddable":true,"href":"https:\/\/blogs.uo.edu.cu\/doctoradocienciasambientales\/wp-json\/wp\/v2\/tags?post=2153"}],"curies":[{"name":"wp","href":"https:\/\/api.w.org\/{rel}","templated":true}]}}