{"id":1324,"date":"2012-04-12T11:06:28","date_gmt":"2012-04-12T11:06:28","guid":{"rendered":"http:\/\/magnetismocnea.wordpress.com\/?p=1324"},"modified":"2012-04-12T11:06:28","modified_gmt":"2012-04-12T11:06:28","slug":"enfrentar-la-crisis-real-en-comunicacion-de-la-ciencia","status":"publish","type":"post","link":"https:\/\/blogs.uo.edu.cu\/electromagnetismo\/2012\/04\/12\/enfrentar-la-crisis-real-en-comunicacion-de-la-ciencia\/","title":{"rendered":"Enfrentar la crisis real en comunicaci\u00f3n de la ciencia"},"content":{"rendered":"<p style=\"text-align:justify\"><strong>La escasez de voceros cient\u00edficos confiables y diversos socava la capacidad de los periodistas de responder a los retos del desarrollo. <\/strong><\/p>\n<p style=\"text-align:justify\">Al revisar la agenda del primer <a href=\"http:\/\/www.scidev.net\/en\/science-communication\/news\/forum-hears-proposals-for-african-science-foundation--3.html\">Foro africano de ciencia, tecnolog\u00eda e innnovaci\u00f3n<\/a>\u00a0realizado en Nairobi, Kenia, del 1 al 3 de abril, record\u00e9 mis inicios en <em>SciDev.Net<\/em>.<\/p>\n<p style=\"text-align:justify\">El equipo tiene la costumbre de abordar al nuevo personal en el almuerzo y preguntarle asuntos personales, poco convencionales. Recientemente, me toc\u00f3 ser el centro de esta iniciaci\u00f3n, cuando me pidieron compartir una frase que me inspire con frecuencia.<\/p>\n<p style=\"text-align:justify\">En ese momento, me sent\u00ed abrumado por tener que escoger. Sin embargo, en las semanas transcurridas desde que me un\u00ed al equipo, he pensando con frecuencia en el asunto, pues estamos en un momento en que a la comunidad de ciencia y desarrollo le vendr\u00eda bien un poco de inspiraci\u00f3n.<\/p>\n<p style=\"text-align:justify\">Tomemos la Conferencia de la ONU sobre Desarrollo Sostenible (<a href=\"http:\/\/www.scidev.net\/en\/science-and-innovation-policy\/science-at-rio-20\/opinions\/biomed-analysis-sustainability-goals-too-light-on-health-1.html\">R\u00edo+20<\/a>), que debe ser un compromiso renovado con el desarrollo sostenible. Muchos temen que fracase, y que dado el <a href=\"http:\/\/www.scidev.net\/es\/agriculture-and-environment\/planet-under-pressure-2012-2\/news\/el-estado-del-planeta-es-cr-tico-advierten-cient-ficos.html\">estado cr\u00edtico del planeta<\/a>, ya sea demasiado tarde.<\/p>\n<p style=\"text-align:justify\">El sector del <a href=\"http:\/\/www.scidev.net\/es\/science-communication\/science-journalism\/\">periodismo cient\u00edfico<\/a>\u00a0tambi\u00e9n requiere inspiraci\u00f3n, acosado como est\u00e1 por su propia crisis. Pocas profesiones han sido tan gravemente afectadas por Internet como el periodismo. S\u00f3lidas <a href=\"http:\/\/www.scidev.net\/es\/science-communication\/science-publishing\/\">casas editoriales<\/a> se han tenido que reestructurar, editorial y operativamente, para salir a flote. Y la ciencia, al igual que la cobertura de asuntos internacionales, con frecuencia ha sido un hecho fortuito.<\/p>\n<p style=\"text-align:justify\">De otro lado, el p\u00fablico y los investigadores se quejan de la inadecuada formaci\u00f3n de los periodistas. Y existen pocos ejemplos de c\u00f3mo se est\u00e1 usando la innovaci\u00f3n tecnol\u00f3gica para un di\u00e1logo entre cient\u00edficos, profesionales de la comunicaci\u00f3n y el p\u00fablico, ciertamente mucho menor si se compara con las industrias del arte y la \u2018cultura\u2019.<\/p>\n<p style=\"text-align:justify\">Sin embargo, el punto de inspiraci\u00f3n es dinamizarnos con la vision de que es posible, y de que hay algunas tendencias prometedoras para los medios. Espec\u00edficamente, hay signos de un aumento en la demanda del periodismo cient\u00edfico.<\/p>\n<p style=\"text-align:justify\"><strong>Signos de renacimiento <\/strong><\/p>\n<p style=\"text-align:justify\">Un n\u00famero creciente de investigadores est\u00e1 consciente de la importancia de comprometer a los <a href=\"http:\/\/www.scidev.net\/es\/science-communication\/influencing-policymakers\/\">generadores de pol\u00edticas<\/a> con sus trabajos. Por ejemplo, el gobierno del Reino Unido aument\u00f3 recientemente el valor que se asigna al impacto en el mundo real al determinar los niveles de financiamiento para las instituciones de investigaci\u00f3n.<\/p>\n<p style=\"text-align:justify\">Ahora es un lugar com\u00fan encontrar conferencias cient\u00edficas con sus propias etiquetas (o <em>hash tags<\/em>) en Twitter. Las redes sociales han posibilitado que sea m\u00e1s f\u00e1cil para los periodistas y el p\u00fablico atraer a los cient\u00edficos que est\u00e1n listos para el reto.<\/p>\n<p style=\"text-align:justify\">Y desde la Primavera \u00c1rabe hay esperanzas para los periodistas cient\u00edficos: <a href=\"http:\/\/%20http\/www.scidev.net\/en\/news\/egypt-announces-ambitious-science-spending-plan.html\">el gobierno egipcio ha establecido como prioridad la investigaci\u00f3n cient\u00edfica<\/a> y se favorece ampliamente que en la nueva constituci\u00f3n del pa\u00eds se incluya una secci\u00f3n sobre el papel de la ciencia y tecnolog\u00eda en la construcci\u00f3n de la naci\u00f3n.<\/p>\n<p style=\"text-align:justify\">Tambi\u00e9n hay un creciente apetito entre el p\u00fablico, por lo menos en los pa\u00edses en desarrollo, de m\u00e1s periodismo cient\u00edfico. Una <a href=\"http:\/\/www.scidev.net\/en\/news\/egypt-announces-ambitious-science-spending-plan.html\">reciente encuesta en Senegal<\/a>\u00a0revel\u00f3 la inquietud del p\u00fablico ante el bajo nivel de las noticias cient\u00edficas. Una encuesta m\u00e1s grande, realizada entre la audiencia del Servicio Mundial de la BBC, indic\u00f3 que este sentimiento no es exclusivo de \u00c1frica.<\/p>\n<p style=\"text-align:justify\"><strong>Los periodistas necesitan buenos cient\u00edficos <\/strong><\/p>\n<p style=\"text-align:justify\">El mercado, \u00bfestar\u00e1 en capacidad, en el tiempo, de satisfacer las necesidades de la audiencia con periodistas cient\u00edficos calificados? Esta creencia se pierde en un cuadro m\u00e1s complejo.<\/p>\n<p style=\"text-align:justify\">Aqu\u00ed es donde el Foro de \u00c1frica interviene. Los rumores y temas de agenda que son familiares para quienes siguen los preparativos de R\u00edo+20 son menos obvios aqu\u00ed.<\/p>\n<p style=\"text-align:justify\">En su lugar, la agenda estuvo centrada en los mercados laborales, el empleo juvenil y la escasa inversi\u00f3n en el sector tecnol\u00f3gico. La conferencia determin\u00f3 las <a href=\"http:\/\/www.scidev.net\/en\/sub-suharan-africa\/news\/universities-must-address-youth-unemployment-in-africa-.html\">fallas de gobernanza y mercados<\/a> que inciden en la m\u00e9dula del periodismo cient\u00edfico en los pa\u00edses en desarrollo.<\/p>\n<p style=\"text-align:justify\">La preocupaci\u00f3n dominante del Foro Africano parece ser la escasez en el continente de cient\u00edficos altamente calificados. Esto comprometer\u00eda la capacidad de los periodistas cient\u00edficos para responder a los retos de nuestro tiempo.<\/p>\n<p style=\"text-align:justify\">\u00bfC\u00f3mo sabemos que la ciencia de calidad es escasa? En 2001, solamente el 2,3 por ciento de las publicaciones cient\u00edficas de todo el mundo fueron de cient\u00edficos que viv\u00edan en \u00c1frica, seg\u00fan la UNESCO (ver Figura 1). En comparaci\u00f3n, los autores de Europa occidental y Estados Unidos representaron m\u00e1s del 50 por ciento.<\/p>\n<p style=\"text-align:justify\">Una d\u00e9cada despu\u00e9s, encontrar cient\u00edficos de los pa\u00edses en desarrollo en este cuadro sigue siendo un problema, y para ello solo se necesita mirar la lista de delegados asistentes a conferencias como <a href=\"http:\/\/www.scidev.net\/es\/agriculture-and-environment\/planet-under-pressure-2012-2\/news\/el-estado-del-planeta-es-cr-tico-advierten-cient-ficos.html\">El Planeta bajo Presi\u00f3n<\/a>.<\/p>\n<p style=\"text-align:justify\">La baja representaci\u00f3n conduce a su propio ciclo de bajo rendimiento y poco financiamiento, pues los cient\u00edficos necesitan comunidades afines para aprender y ser cuestionados.<\/p>\n<p style=\"text-align:justify\">Junto a esta baja representatividad est\u00e1n las realidades pol\u00edticas que a menudo encaran los cient\u00edficos residentes en los pa\u00edses en desarrollo. Un periodista independiente que trabaja en Ghana me cont\u00f3 hace poco que la autocensura entre los cient\u00edficos es quiz\u00e1s la mayor amenaza a su medio de vida.<\/p>\n<p style=\"text-align:justify\">Esto no es exclusivo de \u00c1frica occidental. La verdad es que en lugar de manipular los resultados de su investigaci\u00f3n, como afirman los esc\u00e9pticos del cambio clim\u00e1tico, los cient\u00edficos se inclinan mayoritariamente a permanecer \u2014o mantenerse\u2014 en silencio.\u00a0<\/p>\n<p style=\"text-align:justify\">\u00a0<\/p>\n<p style=\"text-align:justify\"><strong>El poder de la imaginaci\u00f3n <\/strong><\/p>\n<p style=\"text-align:justify\">Tener voceros m\u00e1s confiables y diversos en la ciencia ofrece mucho m\u00e1s que trabajos sostenibles para los periodistas de los pa\u00edses en desarrollo: es esencial para el bienestar local y los bienes p\u00fablicos globales.<\/p>\n<p style=\"text-align:justify\">Por lo tanto, \u00bfqu\u00e9 podemos hacer para fomentar la pluralidad de voces cient\u00edficas? Quiz\u00e1s los periodistas y los medios podr\u00edan tratar de suministrar inspiraci\u00f3n.<\/p>\n<p style=\"text-align:justify\">Tenemos que mostrarles a los estudiantes y a quienes tienen el control de acceso a la ciencia lo que se puede hacer, demostr\u00e1ndoles el valor de la creatividad y el rigor.<\/p>\n<p style=\"text-align:justify\">Tambi\u00e9n necesitamos que se comprometan a proporcionar plataformas para las voces talentosas donde sea que estas surjan. Ello requiere una combinaci\u00f3n serena entre la vigilancia de dichas voces y las expectativas inflexibles, porque la buena voluntad no es excusa para la mala ciencia.<\/p>\n<p style=\"text-align:justify\">Esto me lleva de vuelta a mi frase de inspiraci\u00f3n preferida. Es la del dramaturgo irland\u00e9s George Bernard Shaw y funciona en los niveles sectorial, institucional e individual: \u201cla imaginaci\u00f3n es el principio dela creaci\u00f3n. Imaginaslo que deseas, deseas lo que imaginas y al final, creas lo que deseas\u201d.<\/p>\n<p style=\"text-align:justify\">Nick Ishmael Perkins<\/p>\n<p style=\"text-align:justify\">Director, SciDev.Net<\/p>\n<p style=\"text-align:justify\">\u00a0<\/p>\n<p style=\"text-align:justify\">Tomado de <a href=\"http:\/\/www.scidev.net\/es\/science-communication\/editorials\/enfrentar-la-crisis-real-en-comunicaci-n-de-la-ciencia.html\">SciDev<\/a><\/p>\n","protected":false},"excerpt":{"rendered":"<p>La escasez de voceros cient\u00edficos confiables y diversos socava la capacidad de los periodistas de responder a los retos del desarrollo. Al revisar la agenda del primer Foro africano de ciencia, tecnolog\u00eda e innnovaci\u00f3n\u00a0realizado en Nairobi, Kenia, del 1 al 3 de abril, record\u00e9 mis inicios en SciDev.Net. El equipo tiene la costumbre de abordar &hellip; <\/p>\n<p class=\"link-more\"><a href=\"https:\/\/blogs.uo.edu.cu\/electromagnetismo\/2012\/04\/12\/enfrentar-la-crisis-real-en-comunicacion-de-la-ciencia\/\" class=\"more-link\">Continuar leyendo<span class=\"screen-reader-text\"> \u00abEnfrentar la crisis real en comunicaci\u00f3n de la ciencia\u00bb<\/span><\/a><\/p>\n","protected":false},"author":929,"featured_media":0,"comment_status":"open","ping_status":"open","sticky":false,"template":"","format":"standard","meta":{"ngg_post_thumbnail":0,"footnotes":""},"categories":[11],"tags":[154,165,191,552,636],"class_list":["post-1324","post","type-post","status-publish","format-standard","hentry","category-especiales","tag-ciencia","tag-cientificos","tag-comunicacion-cientifica","tag-periodismo-cientifico","tag-scidev-net"],"_links":{"self":[{"href":"https:\/\/blogs.uo.edu.cu\/electromagnetismo\/wp-json\/wp\/v2\/posts\/1324","targetHints":{"allow":["GET"]}}],"collection":[{"href":"https:\/\/blogs.uo.edu.cu\/electromagnetismo\/wp-json\/wp\/v2\/posts"}],"about":[{"href":"https:\/\/blogs.uo.edu.cu\/electromagnetismo\/wp-json\/wp\/v2\/types\/post"}],"author":[{"embeddable":true,"href":"https:\/\/blogs.uo.edu.cu\/electromagnetismo\/wp-json\/wp\/v2\/users\/929"}],"replies":[{"embeddable":true,"href":"https:\/\/blogs.uo.edu.cu\/electromagnetismo\/wp-json\/wp\/v2\/comments?post=1324"}],"version-history":[{"count":0,"href":"https:\/\/blogs.uo.edu.cu\/electromagnetismo\/wp-json\/wp\/v2\/posts\/1324\/revisions"}],"wp:attachment":[{"href":"https:\/\/blogs.uo.edu.cu\/electromagnetismo\/wp-json\/wp\/v2\/media?parent=1324"}],"wp:term":[{"taxonomy":"category","embeddable":true,"href":"https:\/\/blogs.uo.edu.cu\/electromagnetismo\/wp-json\/wp\/v2\/categories?post=1324"},{"taxonomy":"post_tag","embeddable":true,"href":"https:\/\/blogs.uo.edu.cu\/electromagnetismo\/wp-json\/wp\/v2\/tags?post=1324"}],"curies":[{"name":"wp","href":"https:\/\/api.w.org\/{rel}","templated":true}]}}