{"id":1347,"date":"2012-05-10T11:07:14","date_gmt":"2012-05-10T11:07:14","guid":{"rendered":"http:\/\/magnetismocnea.wordpress.com\/?p=1347"},"modified":"2012-05-10T11:07:14","modified_gmt":"2012-05-10T11:07:14","slug":"divulgar-la-ciencia-en-santiago-de-cuba-es-un-tema-importante","status":"publish","type":"post","link":"https:\/\/blogs.uo.edu.cu\/electromagnetismo\/2012\/05\/10\/divulgar-la-ciencia-en-santiago-de-cuba-es-un-tema-importante\/","title":{"rendered":"Divulgar la ciencia en Santiago de Cuba es un tema importante"},"content":{"rendered":"<figure style=\"width: 415px\" class=\"wp-caption aligncenter\"><a href=\"http:\/\/cienciadecuba.wordpress.com\"><img loading=\"lazy\" decoding=\"async\" title=\"Lic. Noel P\u00e9rez Garc\u00eda\" src=\"http:\/\/cienciadecuba.files.wordpress.com\/2012\/05\/ciencia-de-cuba_foro-de-comunicacic3b3n-de-la-ciencia_centro-nacional-de-electromagnetismo-aplicado-cnea.jpg?w=415&amp;h=311\" alt=\"Lic. Noel P\u00e9rez Garc\u00eda. CNEA\" width=\"415\" height=\"311\" \/><\/a><figcaption class=\"wp-caption-text\">Lic. Noel P\u00e9rez Garc\u00eda. Especialista de Comunicaci\u00f3n y Promoci\u00f3n de la Ciencia del CNEA<\/figcaption><\/figure>\n<p style=\"text-align:justify\">Y motivo impulsor del Foro de Comunicaci\u00f3n de la Ciencia a celebrarse los d\u00edas 17 y 18 de mayo en el <a href=\"http:\/\/magnetismocnea.wordpress.com\/\" target=\"_blank\" rel=\"noopener noreferrer\">Centro Nacional de Electromagnetismo Aplicado <\/a>de esta urbe sur-oriental cubana.<\/p>\n<p style=\"text-align:justify\">Seg\u00fan el Lic. Noel P\u00e9rez Garc\u00eda, especialista en promoci\u00f3n y comunicaci\u00f3n de la ciencia en este centro \u201cel evento es heredero del primer taller regional que se hizo el a\u00f1o anterior, sobre la comunicaci\u00f3n y la divulgaci\u00f3n cient\u00edfica: una mirada desde los centros de la ciencia. En aquella ocasi\u00f3n se sugiri\u00f3 crear un nombre m\u00e1s inclusivo sobre todas las tem\u00e1ticas de la ciencia, por eso lo denominamos Foro de Comunicaci\u00f3n de la Ciencia.\u201d Agrega que: \u201cAl igual que en aquella primera experiencia, persigue como objetivo crear un espacio \u00a0para debatir \u00a0experiencias, opiniones e ideas, sobre aquellas f\u00f3rmulas m\u00e1s exitosas de comunicar la ciencia, divulgar sus resultados y principales art\u00edfices, m\u00e1s all\u00e1 del intercambio entre investigadores, que apunte a la creaci\u00f3n de una cultura cient\u00edfica en la poblaci\u00f3n en general\u201d.<\/p>\n<p style=\"text-align:justify\"><strong>\u00bfAlguna diferencia en los objetivos de aquella primera edici\u00f3n y este nuevo foro?<\/strong><\/p>\n<p style=\"text-align:justify\">Que nos centramos en las seis tem\u00e1ticas fundamentales que abarcan las experiencias como tal en materia de comunicaci\u00f3n y divulgaci\u00f3n cient\u00edfica desde los centros de investigaci\u00f3n, incluida las universidades del pa\u00eds, hasta las que tienen que ver con la cultura y apropiaci\u00f3n de la ciencia, su democratizaci\u00f3n y la \u00e9tica de la comunicaci\u00f3n cient\u00edfica.<\/p>\n<p style=\"text-align:justify\">El n\u00famero de trabajos es otra diferencia, en esta nueva ocasi\u00f3n con una cifra importante de doctores en ciencia tanto biol\u00f3gicas y human\u00edsticas como de otras \u00e1reas del saber.<\/p>\n<p style=\"text-align:justify\">Adem\u00e1s, se extiende el alcance del evento, en esta ocasi\u00f3n se incluyen participantes de la provincia de Guant\u00e1namo, por ejemplo, del Centro de Aplicaciones Tecnol\u00f3gicas para el Desarrollo Sostenible (CATEDES), as\u00ed como de la Universidad Pedag\u00f3gica y la delegaci\u00f3n provincial del CITMA.<\/p>\n<p style=\"text-align:justify\"><strong>\u00bfQui\u00e9nes participan en este nuevo evento?<\/strong><\/p>\n<p style=\"text-align:justify\">El <a href=\"http:\/\/www.cebi.uo.edu.cu\/\" target=\"_blank\" rel=\"noopener noreferrer\">Centro de Investigaciones de Biotecnolog\u00eda Industrial CEBI<\/a>, el <a href=\"http:\/\/www.santiago.cu\/hosting\/archivo\/\" target=\"_blank\" rel=\"noopener noreferrer\">Archivo Hist\u00f3rico Provincial<\/a>, <a href=\"http:\/\/www.santiago.cu\/hosting\/cies\/cies.htm\" target=\"_blank\" rel=\"noopener noreferrer\">Centro de Investigaciones de Energ\u00eda Solar CIES<\/a>, C<a href=\"http:\/\/www.santiago.cu\/hosting\/megacen\/\" target=\"_blank\" rel=\"noopener noreferrer\">entro de Informaci\u00f3n y Gesti\u00f3n Tecnol\u00f3gica MEGACEN<\/a>, <a href=\"http:\/\/www.santiago.cu\/hosting\/bioeco\/\" target=\"_blank\" rel=\"noopener noreferrer\">Centro Oriental de Ecosistemas y Biodiversidad BIOECO<\/a>, <a href=\"http:\/\/www.cemzoc.uo.edu.cu\/\" target=\"_blank\" rel=\"noopener noreferrer\">Centro de Estudios Multidisciplinario de Zonas Costeras CEMZOC <\/a>y la <a href=\"http:\/\/www.uo.edu.cu\/\" target=\"_blank\" rel=\"noopener noreferrer\">Universidad de Oriente<\/a> que este a\u00f1o tiene una amplia participaci\u00f3n.<\/p>\n<p style=\"text-align:justify\"><strong>Nuevamente el CNEA trabaja por la divulgaci\u00f3n cient\u00edfica, a la par del trabajo de la ciencia dura, como se le dice popularmente, \u00bfustedes pretenden en convertirse en l\u00edderes en Santiago de Cuba en materia de comunicaci\u00f3n y divulgaci\u00f3n de la ciencia?<\/strong><\/p>\n<p style=\"text-align:justify\">Apostamos porque los investigadores entiendan la necesidad de divulgar su quehacer no solo en aquellas publicaciones cient\u00edficas, debido a que su trabajo repercute en la sociedad. Hoy se aboga en el mundo completo, no solamente en Cuba, porque la humanidad est\u00e9 cultivada cient\u00edficamente, que sea capaz de no solo asimilar una tecnolog\u00eda, sino tambi\u00e9n de \u00a0modificarla, criticarla, dudar de ella, y para ello se necesita una cultura cient\u00edfica que emane de los propios centros donde se crea la ciencia.<\/p>\n<p style=\"text-align:justify\">Nosotros somos pioneros en el mantenimiento de un blog institucional donde se refleja el quehacer del Centro Nacional de Electromagnetismo Aplicado, pero adem\u00e1s publicamos art\u00edculos relacionados con la comunicaci\u00f3n y la divulgaci\u00f3n cient\u00edfica, la creaci\u00f3n de una cultura y el periodismo cient\u00edfico.<\/p>\n<p style=\"text-align:justify\">El CNEA se enorgullece y siente el compromiso de ponerse no a la cabeza sino de servir de escenario para todas esas personas que en los centros de investigaci\u00f3n busquen las mejores v\u00edas para divulgar la ciencia que se realiza en Santiago de Cuba, para que adquiera una visibilidad mayor.<\/p>\n<p style=\"text-align:justify\"><strong>Realmente el CNEA tiene un trabajo sostenido en la divulgaci\u00f3n, muestra de ello es el propio blog y el foro de comunicaci\u00f3n. Seg\u00fan sus experiencias, \u00bfc\u00f3mo est\u00e1 la salud en la divulgaci\u00f3n de la ciencia en Santiago de Cuba?<\/strong><\/p>\n<p style=\"text-align:justify\">Bas\u00e1ndome en los resultados entre este foro y el evento predecesor, aumenta el n\u00famero de trabajos enviados, hay tem\u00e1ticas muy interesantes, de ah\u00ed que es nuestro parecer que existe un marcado inter\u00e9s en la comunidad cient\u00edfica santiaguera por comunicar y divulgar su quehacer.<\/p>\n<p style=\"text-align:justify\">Los investigadores entienden la necesidad de transmitir y dar a conocer sus resultados. A veces se restringen a la parte propiamente cient\u00edfica, hacia un p\u00fablico especializado, y se obvia un poco o se deja de la mano al periodismo cient\u00edfico, su responsabilidad con la sociedad.<\/p>\n<p style=\"text-align:justify\">En este sentido el CNEA tiene la propuesta de crear un espacio diferente a los que puedan existir sobre comunicaci\u00f3n en la provincia que tiene muy marcado el car\u00e1cter cient\u00edfico. El nuestro es m\u00e1s abierto porque incluye tem\u00e1ticas relacionadas con la comunicaci\u00f3n pero tambi\u00e9n con el periodismo cient\u00edfico.<\/p>\n<p style=\"text-align:justify\">Hoy yo considero que existe un trabajo muy aislado que no deja ver un resultado com\u00fan. Sobre esto es muy interesante el trabajo que va a presentar el DrC. Giovanni Villal\u00f3n Garc\u00eda, una Propuesta organizacional para un enfoque integrado de la comunicaci\u00f3n cient\u00edfica territorial, donde esperamos se enmarque los derroteros comunes para la comunicaci\u00f3n cient\u00edfica.<\/p>\n<p style=\"text-align:justify\">Tambi\u00e9n sucede a veces que no todos los centros de ciencia de la provincia de Santiago de Cuba \u00a0participan en un tema que a\u00fan nos queda pendiente, y entonces no conocen \u00a0los mecanismos y herramientas necesarias y disponibles para una divulgaci\u00f3n cient\u00edfica, y desaprovechan medios como el propio blog <a href=\"http:\/\/cienciadecuba.wordpress.com\">Portal de la Ciencia Cubana<\/a>, que lleva poco tiempo de fundado pero donde se pueden generar debates y los especialistas santiagueros \u00a0pueden insertarse y ayudar a crear una cultura sobre la ciencia cubana.<\/p>\n<p style=\"text-align:justify\">Tomado de <a href=\"http:\/\/cienciadecuba.wordpress.com\">Portal de la Ciencia Cubana<\/a><\/p>\n","protected":false},"excerpt":{"rendered":"<p>Y motivo impulsor del Foro de Comunicaci\u00f3n de la Ciencia a celebrarse los d\u00edas 17 y 18 de mayo en el Centro Nacional de Electromagnetismo Aplicado de esta urbe sur-oriental cubana. Seg\u00fan el Lic. Noel P\u00e9rez Garc\u00eda, especialista en promoci\u00f3n y comunicaci\u00f3n de la ciencia en este centro \u201cel evento es heredero del primer taller &hellip; <\/p>\n<p class=\"link-more\"><a href=\"https:\/\/blogs.uo.edu.cu\/electromagnetismo\/2012\/05\/10\/divulgar-la-ciencia-en-santiago-de-cuba-es-un-tema-importante\/\" class=\"more-link\">Continuar leyendo<span class=\"screen-reader-text\"> \u00abDivulgar la ciencia en Santiago de Cuba es un tema importante\u00bb<\/span><\/a><\/p>\n","protected":false},"author":929,"featured_media":0,"comment_status":"open","ping_status":"open","sticky":false,"template":"","format":"standard","meta":{"ngg_post_thumbnail":0,"footnotes":""},"categories":[2,7,10],"tags":[114,154,155,162,165,172,191,552,634,720,724],"class_list":["post-1347","post","type-post","status-publish","format-standard","hentry","category-academia-de-ciencias-de-cuba","category-cnea","category-divulgacion-cientifica","tag-blogs","tag-ciencia","tag-ciencia-cubana","tag-ciencias","tag-cientificos","tag-citma","tag-comunicacion-cientifica","tag-periodismo-cientifico","tag-santiago-de-cuba","tag-universidad-de-oriente","tag-universidades"],"_links":{"self":[{"href":"https:\/\/blogs.uo.edu.cu\/electromagnetismo\/wp-json\/wp\/v2\/posts\/1347","targetHints":{"allow":["GET"]}}],"collection":[{"href":"https:\/\/blogs.uo.edu.cu\/electromagnetismo\/wp-json\/wp\/v2\/posts"}],"about":[{"href":"https:\/\/blogs.uo.edu.cu\/electromagnetismo\/wp-json\/wp\/v2\/types\/post"}],"author":[{"embeddable":true,"href":"https:\/\/blogs.uo.edu.cu\/electromagnetismo\/wp-json\/wp\/v2\/users\/929"}],"replies":[{"embeddable":true,"href":"https:\/\/blogs.uo.edu.cu\/electromagnetismo\/wp-json\/wp\/v2\/comments?post=1347"}],"version-history":[{"count":0,"href":"https:\/\/blogs.uo.edu.cu\/electromagnetismo\/wp-json\/wp\/v2\/posts\/1347\/revisions"}],"wp:attachment":[{"href":"https:\/\/blogs.uo.edu.cu\/electromagnetismo\/wp-json\/wp\/v2\/media?parent=1347"}],"wp:term":[{"taxonomy":"category","embeddable":true,"href":"https:\/\/blogs.uo.edu.cu\/electromagnetismo\/wp-json\/wp\/v2\/categories?post=1347"},{"taxonomy":"post_tag","embeddable":true,"href":"https:\/\/blogs.uo.edu.cu\/electromagnetismo\/wp-json\/wp\/v2\/tags?post=1347"}],"curies":[{"name":"wp","href":"https:\/\/api.w.org\/{rel}","templated":true}]}}