{"id":1350,"date":"2012-05-10T11:47:51","date_gmt":"2012-05-10T11:47:51","guid":{"rendered":"http:\/\/magnetismocnea.wordpress.com\/?p=1350"},"modified":"2012-05-10T11:47:51","modified_gmt":"2012-05-10T11:47:51","slug":"el-foro-ya-tiene-programa","status":"publish","type":"post","link":"https:\/\/blogs.uo.edu.cu\/electromagnetismo\/2012\/05\/10\/el-foro-ya-tiene-programa\/","title":{"rendered":"El Foro ya tiene Programa"},"content":{"rendered":"<p style=\"text-align:justify\">El Foro de Comunicaci\u00f3n de la Ciencia, a celebrarse los pr\u00f3ximos d\u00edas 17 y 18 de mayo en el Sal\u00f3n de Protocolos del CNEA, ya cuenta con el Programa de trabajo.<\/p>\n<p style=\"text-align:justify\">En definitiva, los trabajos ser\u00e1n expuestos en un Taller y en una Mesa Redonda.<\/p>\n<p style=\"text-align:justify\">El Taller \u201cExperiencias, herramientas e impactos de la comunicaci\u00f3n y la divulgaci\u00f3n cient\u00edfica\u201d, ocupar\u00e1 toda la jornada del d\u00eda 17. En el se expondr\u00e1n cerca de una quince trabajos.<\/p>\n<p style=\"text-align:justify\">Destaca la \u201cPropuesta organizacional para un enfoque de la comunicaci\u00f3n cient\u00edfica territorial\u201d, del Dr.C Giovanni Villal\u00f3n Garc\u00eda, especialista de Comunicaci\u00f3n Social de la Delegaci\u00f3n Territorialdel Ministerio de Ciencia, Tecnolog\u00eda y Medioambiente en Santiago de Cuba.<\/p>\n<p style=\"text-align:justify\">Igualmente ser\u00e1 interesante la presentaci\u00f3n de la experiencia del <a href=\"http:\/\/cienciadecuba.wordpress.com\/\">Portal de la Ciencia Cubana<\/a>, blog realizado por los periodistas santiagueros que cubren la actualidad noticiosa de la ciencia en Santiago de Cuba y que, en apenas ocho meses de creado, muestra excelentes \u00edndices de visitas y se ha convertido en una herramienta para la retroalimentaci\u00f3n con un p\u00fablico \u00e1vido de noticias sobre la ciencia cubana.<\/p>\n<p style=\"text-align:justify\">Ya para el segundo d\u00eda de trabajos (18 de mayo) se desarrollar\u00e1 la Mesa Redonda \u201cComunicaci\u00f3n cient\u00edfica: \u00e9tica, retos y responsabilidad\u201d. Este espacio estar\u00e1 prestigiado por la presencia de varios Doctores en Ciencias de la Universidad de Oriente.<\/p>\n<p style=\"text-align:justify\">Adem\u00e1s de las sesiones de debate cient\u00edfico, el Foro brindar\u00e1 un espacio para la Premier de dos ediciones del programa televisivo de\u00a0divulgaci\u00f3n cient\u00edfica \u201cExpedici\u00f3n\u201d, del Telecentro Provincial.<\/p>\n<p style=\"text-align:justify\">La Clausura del evento se llevar\u00e1 a cabo en el Archivo Hist\u00f3rico Provincial, donde los participantes podr\u00e1n disfrutar de una nueva edici\u00f3n de la Pe\u00f1a Cultural <a href=\"http:\/\/santiagoenmi.wordpress.com\/category\/desempolvando\/\">\u201cDesempolvando\u201d<\/a>, un espacio que fusiona cultura y ciencia historiogr\u00e1fica, para rescatar costumbres, tradiciones e historias de la ciudad de Santiago de Cuba.<\/p>\n<p style=\"text-align:justify\">En el Foro de Comunicaci\u00f3n de la Ciencia se reunir\u00e1n investigadores, docentes, directivos, especialistas en comunicaci\u00f3n y estudiantes del pregrado de la Universidad de Oriente, con el objetivo de intercambiar experiencias e ideas acerca de los medios y m\u00e9todos para una mejor comunicaci\u00f3n del desarrollo cient\u00edfico t\u00e9cnico.<\/p>\n","protected":false},"excerpt":{"rendered":"<p>El Foro de Comunicaci\u00f3n de la Ciencia, a celebrarse los pr\u00f3ximos d\u00edas 17 y 18 de mayo en el Sal\u00f3n de Protocolos del CNEA, ya cuenta con el Programa de trabajo. En definitiva, los trabajos ser\u00e1n expuestos en un Taller y en una Mesa Redonda. El Taller \u201cExperiencias, herramientas e impactos de la comunicaci\u00f3n y &hellip; <\/p>\n<p class=\"link-more\"><a href=\"https:\/\/blogs.uo.edu.cu\/electromagnetismo\/2012\/05\/10\/el-foro-ya-tiene-programa\/\" class=\"more-link\">Continuar leyendo<span class=\"screen-reader-text\"> \u00abEl Foro ya tiene Programa\u00bb<\/span><\/a><\/p>\n","protected":false},"author":929,"featured_media":0,"comment_status":"open","ping_status":"open","sticky":false,"template":"","format":"standard","meta":{"ngg_post_thumbnail":0,"footnotes":""},"categories":[7,10],"tags":[86,114,154,155,162,165,172,191,634,720],"class_list":["post-1350","post","type-post","status-publish","format-standard","hentry","category-cnea","category-divulgacion-cientifica","tag-archivo-historico-provincial","tag-blogs","tag-ciencia","tag-ciencia-cubana","tag-ciencias","tag-cientificos","tag-citma","tag-comunicacion-cientifica","tag-santiago-de-cuba","tag-universidad-de-oriente"],"_links":{"self":[{"href":"https:\/\/blogs.uo.edu.cu\/electromagnetismo\/wp-json\/wp\/v2\/posts\/1350","targetHints":{"allow":["GET"]}}],"collection":[{"href":"https:\/\/blogs.uo.edu.cu\/electromagnetismo\/wp-json\/wp\/v2\/posts"}],"about":[{"href":"https:\/\/blogs.uo.edu.cu\/electromagnetismo\/wp-json\/wp\/v2\/types\/post"}],"author":[{"embeddable":true,"href":"https:\/\/blogs.uo.edu.cu\/electromagnetismo\/wp-json\/wp\/v2\/users\/929"}],"replies":[{"embeddable":true,"href":"https:\/\/blogs.uo.edu.cu\/electromagnetismo\/wp-json\/wp\/v2\/comments?post=1350"}],"version-history":[{"count":0,"href":"https:\/\/blogs.uo.edu.cu\/electromagnetismo\/wp-json\/wp\/v2\/posts\/1350\/revisions"}],"wp:attachment":[{"href":"https:\/\/blogs.uo.edu.cu\/electromagnetismo\/wp-json\/wp\/v2\/media?parent=1350"}],"wp:term":[{"taxonomy":"category","embeddable":true,"href":"https:\/\/blogs.uo.edu.cu\/electromagnetismo\/wp-json\/wp\/v2\/categories?post=1350"},{"taxonomy":"post_tag","embeddable":true,"href":"https:\/\/blogs.uo.edu.cu\/electromagnetismo\/wp-json\/wp\/v2\/tags?post=1350"}],"curies":[{"name":"wp","href":"https:\/\/api.w.org\/{rel}","templated":true}]}}