{"id":1876,"date":"2013-06-06T11:58:08","date_gmt":"2013-06-06T11:58:08","guid":{"rendered":"http:\/\/magnetismocnea.wordpress.com\/?p=1876"},"modified":"2013-06-06T11:58:08","modified_gmt":"2013-06-06T11:58:08","slug":"iii-foro-de-comunicacion-de-las-ciencias-segundas-impresiones","status":"publish","type":"post","link":"https:\/\/blogs.uo.edu.cu\/electromagnetismo\/2013\/06\/06\/iii-foro-de-comunicacion-de-las-ciencias-segundas-impresiones\/","title":{"rendered":"III Foro de Comunicaci\u00f3n de las Ciencias: segundas impresiones"},"content":{"rendered":"<p style=\"text-align:justify\">Extensos debates caracterizaron la segunda jornada del III Foro de Comunicaci\u00f3n de las ciencias.<\/p>\n<figure id=\"attachment_1877\" aria-describedby=\"caption-attachment-1877\" style=\"width: 300px\" class=\"wp-caption alignleft\"><a href=\"http:\/\/magnetismocnea.files.wordpress.com\/2013\/06\/dscf5771.jpg\"><img loading=\"lazy\" decoding=\"async\" class=\"size-medium wp-image-1877\" alt=\"Los debates caracterizaron la segunda jornada del Foro de Comunicaci\u00f3n de las Ciencias\" src=\"http:\/\/magnetismocnea.files.wordpress.com\/2013\/06\/dscf5771.jpg?w=300\" width=\"300\" height=\"225\" \/><\/a><figcaption id=\"caption-attachment-1877\" class=\"wp-caption-text\">Los debates caracterizaron la segunda jornada del Foro de Comunicaci\u00f3n de las Ciencias<\/figcaption><\/figure>\n<p style=\"text-align:justify\">La presentaci\u00f3n de una \u201cPropuesta de Plan de acciones de comunicaci\u00f3n interna en los centros de investigaci\u00f3n\u201d pertenecientes al CITMA, y las experiencias del Centro de Biotecnolog\u00eda Industrial, en la comunicaci\u00f3n y divulgaci\u00f3n de sus resultados, dieron lugar a varias intervenciones en las que se analizaron los retos de los centros de ciencia por llevar a la sociedad sus resultados y las estrategias que se pueden seguir con este objetivo.<\/p>\n<p style=\"text-align:justify\">Se reconoci\u00f3 la importancia de la existencia de planes como los mostrados, pero se llam\u00f3 a su cumplimiento y correcta aplicaci\u00f3n, con vistas a lograr una mayor visibilidad de los resultados de la ciencia desde el propio entorno en que se ubican los centros de investigaci\u00f3n.<\/p>\n<p style=\"text-align:justify\">Por su parte, un segundo bloque de trabajos presentados en la jornada de este mi\u00e9rcoles, dio lugar a un interesante intercambio de reflexiones sobre la importancia del aprendizaje del idioma ingl\u00e9s para una correcta formaci\u00f3n cient\u00edfica.<\/p>\n<p style=\"text-align:justify\">Los participantes en la sesi\u00f3n, se mostraron preocupados por la desvinculaci\u00f3n que a\u00fan existe entre los programas de lenguas extranjeras y la verdadera necesidad de un uso de estas lenguas para la b\u00fasqueda y elaboraci\u00f3n de informaci\u00f3n cient\u00edfica.<\/p>\n<p style=\"text-align:justify\">Se propusieron algunas sugerencias que muevan a potenciar en los j\u00f3venes en formaci\u00f3n, el aprendizaje de un ingl\u00e9s dirigido a satisfacer sus necesidades informativas. En este sentido, la MSc. Adela D\u00edaz C\u00f3nsul, profesora de la Facultad de Ciencias Econ\u00f3micas y Empresariales de la Universidad de Oriente, expon\u00eda experiencias que buscaban subsanar esos defectos en la formaci\u00f3n en idioma ingl\u00e9s que a\u00fan arrastran nuestros estudiantes universitarios.<\/p>\n<p style=\"text-align:justify\">Asimismo, la Lic. Maida Pe\u00f1a, del Centro de Estudios de Agroecosistemas \u00c1ridos, de la Universidad de Holgu\u00edn, propon\u00eda la creaci\u00f3n de un grupo especializado en las universidades cubanas, encargado de revisar la traducci\u00f3n y estilo de los trabajos cient\u00edficos presentados a publicaci\u00f3n por los investigadores; toda vez que, seg\u00fan la propia Lic. Maida Pe\u00f1a y la MSc. Manuela Arias, editora de la revistas Ciencia en su PC; existe un alto \u00edndice de rechazo de publicaciones cient\u00edficas, precisamente por un incorrecto estilo de escritura en ingl\u00e9s.<\/p>\n<p style=\"text-align:justify\">Otro de los temas que m\u00e1s inter\u00e9s despert\u00f3 en los participantes en el III Foro de Comunicaci\u00f3n de las Ciencias, fue el relacionado con la vinculaci\u00f3n de los j\u00f3venes estudiantes a los centros de investigaci\u00f3n y su correcta formaci\u00f3n curricular en materia de comunicaci\u00f3n cient\u00edfica.<\/p>\n<figure id=\"attachment_1878\" aria-describedby=\"caption-attachment-1878\" style=\"width: 500px\" class=\"wp-caption aligncenter\"><a href=\"http:\/\/magnetismocnea.files.wordpress.com\/2013\/06\/dscf5765.jpg\"><img loading=\"lazy\" decoding=\"async\" class=\"size-large wp-image-1878\" alt=\"Participantes en el III Foro de Comunicaci\u00f3n de las Ciencias: debate\" src=\"http:\/\/magnetismocnea.files.wordpress.com\/2013\/06\/dscf5765.jpg?w=500\" width=\"500\" height=\"375\" \/><\/a><figcaption id=\"caption-attachment-1878\" class=\"wp-caption-text\">Participantes en el III Foro de Comunicaci\u00f3n de las Ciencias: debate<\/figcaption><\/figure>\n<p style=\"text-align:justify\">En este sentido, despert\u00f3 mucho inter\u00e9s la experiencia del <a href=\"http:\/\/www.ibp.co.cu\/\">Instituto de Biotecnolog\u00eda de las Plantas<\/a>, de la Universidad Central \u201cMarta Abreu\u201d, de Villa Clara, en el trabajo con Grupos Cient\u00edficos Estudiantiles (GCE). Seg\u00fan expresaron el MSc. Felipe Jimenez Terry y la Ing. Tatiana Pichardo Moya, investigadores de esta instituci\u00f3n, entre los principales impactos observados a partir del trabajo con los GCE, est\u00e1 el aumento de las publicaciones cient\u00edficas en revistas de alto impacto.<\/p>\n<p style=\"text-align:justify\">Otra arista de este tema lo mostr\u00f3 la MSc. Adela D\u00edaz C\u00f3nsul, quien se pronunci\u00f3 por una correcta formaci\u00f3n de los j\u00f3venes profesionales de las ciencia econ\u00f3micas y contables que incluya un acercamiento a la ciencia, la tecnolog\u00eda y medio ambiente para que, una vez graduados, sean capaces de convertirse en promotores de la aplicaci\u00f3n de los resultados de la investigaci\u00f3n cient\u00edfica, a trav\u00e9s de una correcta financiaci\u00f3n de los presupuestos destinados a la generalizaci\u00f3n de los productos de la ciencia.<!--more--><\/p>\n<p style=\"text-align:justify\"><b>Buscando la identidad<\/b><\/p>\n<p><figure id=\"attachment_1879\" aria-describedby=\"caption-attachment-1879\" style=\"width: 300px\" class=\"wp-caption alignleft\"><a href=\"http:\/\/magnetismocnea.files.wordpress.com\/2013\/06\/cubierta-buscando-la-identidad.jpg\"><img loading=\"lazy\" decoding=\"async\" class=\"size-medium wp-image-1879\" alt=\"Cubierta del texto &quot;Buscando la identidad&quot;, de la Dra.C. Maribel Brull\" src=\"http:\/\/magnetismocnea.files.wordpress.com\/2013\/06\/cubierta-buscando-la-identidad.jpg?w=300\" width=\"300\" height=\"218\" \/><\/a><figcaption id=\"caption-attachment-1879\" class=\"wp-caption-text\">Cubierta del texto \u00abBuscando la identidad\u00bb, de la Dra.C. Maribel Brull<\/figcaption><\/figure><br \/>\n<figure id=\"attachment_1879\" aria-describedby=\"caption-attachment-1879\" style=\"width: 300px\" class=\"wp-caption alignleft\"><a href=\"http:\/\/magnetismocnea.files.wordpress.com\/2013\/06\/cubierta-buscando-la-identidad.jpg\"><img loading=\"lazy\" decoding=\"async\" class=\"size-medium wp-image-1879\" alt=\"Cubierta del texto &quot;Buscando la identidad&quot;, de la Dra.C. Maribel Brull\" src=\"http:\/\/magnetismocnea.files.wordpress.com\/2013\/06\/cubierta-buscando-la-identidad.jpg?w=300\" width=\"300\" height=\"218\" \/><\/a><figcaption id=\"caption-attachment-1879\" class=\"wp-caption-text\">Cubierta del texto \u00abBuscando la identidad\u00bb, de la Dra.C. Maribel Brull<\/figcaption><\/figure><\/p>\n<p style=\"text-align:justify\">La segunda jornada del III Foro de Comunicaci\u00f3n de las Ciencias hab\u00eda dado inicio, en horas de la ma\u00f1ana, con la presentaci\u00f3n del texto \u201cBuscando la Identidad\u201d, de la Dra.C. Maribel Brull Gonz\u00e1lez, profesora titular de la Universidad de Oriente, y Premio Especial de Comunicaci\u00f3n (2012).<\/p>\n<p style=\"text-align:justify\">Seg\u00fan se lee en la contraportada del libro <b>Buscando la Identidad<\/b>, \u201cconstituye un material de consulta y reflexi\u00f3n para ubicar la comunicaci\u00f3n en las l\u00edneas de prioridades, donde la autora realiza un estudio cr\u00edtico y anal\u00edtico de los conceptos identidad-comunicaci\u00f3n-imagen-cultura organizacional y su pertinencia e impacto para las universidades cubanas. Es un texto especializado para redefinir, conservar y promover la identidad de las instituciones de la Educaci\u00f3n Superior y sus perspectivas de desarrollo en el siglo XXI. Constituye a su vez un instrumento para la investigaci\u00f3n de los procesos organizacionales y su relaci\u00f3n con la responsabilidad social.<\/p>\n<p style=\"text-align:justify\">En el pr\u00f3logo del texto, el Dr.C. Jorge Mesa Castillo destaca que \u201cen el contexto educacional cubano, este estudio cr\u00edtico y anal\u00edtico, ofrece a los profesionales de la comunicaci\u00f3n y a los expertos en procesos organizacionales de los centros de educaci\u00f3n superior; un modelo para caracterizar la identidad y examinar la imagen de las universidades cubanas, con fines estrat\u00e9gicos.<\/p>\n<p style=\"text-align:justify\">La presentaci\u00f3n estuvo a cargo de la autora quien, sabiamente, dio la palabra a dos j\u00f3venes estudiantes del pregrado de la carrera de Comunicaci\u00f3n Social en la Universidad de Oriente, quienes ya usan el texto como material b\u00e1sico para sus trabajos pre-laborales.<\/p>\n<p style=\"text-align:justify\">Al respecto, ambas estudiantes coincidieron en agradecer a la Dra.C. Maribel Brull, la posibilidad de un texto como el presentado que ha puesto en sus manos una herramienta que trasciende el \u00e1mbito universitario.<\/p>\n<p style=\"text-align:justify\">\u201cEste modelo nos propone una forma de identidad arraigada a nuestra sociedad\u201d; concluy\u00f3 Lianna Pilar Cardero, del cuarto a\u00f1o de Comunicaci\u00f3n Social.<\/p>\n<p style=\"text-align:justify\">La Dra.C. Maribel Brull, record\u00f3 que en la actualidad, el modelo es aplicado en la Universidad de Oriente y que otras universidades del pa\u00eds y for\u00e1neas, se han mostrado interesadas por esta experiencia.<\/p>\n","protected":false},"excerpt":{"rendered":"<p>Extensos debates caracterizaron la segunda jornada del III Foro de Comunicaci\u00f3n de las ciencias. La presentaci\u00f3n de una \u201cPropuesta de Plan de acciones de comunicaci\u00f3n interna en los centros de investigaci\u00f3n\u201d pertenecientes al CITMA, y las experiencias del Centro de Biotecnolog\u00eda Industrial, en la comunicaci\u00f3n y divulgaci\u00f3n de sus resultados, dieron lugar a varias intervenciones &hellip; <\/p>\n<p class=\"link-more\"><a href=\"https:\/\/blogs.uo.edu.cu\/electromagnetismo\/2013\/06\/06\/iii-foro-de-comunicacion-de-las-ciencias-segundas-impresiones\/\" class=\"more-link\">Continuar leyendo<span class=\"screen-reader-text\"> \u00abIII Foro de Comunicaci\u00f3n de las Ciencias: segundas impresiones\u00bb<\/span><\/a><\/p>\n","protected":false},"author":929,"featured_media":0,"comment_status":"open","ping_status":"open","sticky":false,"template":"","format":"standard","meta":{"ngg_post_thumbnail":0,"footnotes":""},"categories":[7,10,11],"tags":[154,155,165,172,191,251,295,426,490,720,724],"class_list":["post-1876","post","type-post","status-publish","format-standard","hentry","category-cnea","category-divulgacion-cientifica","category-especiales","tag-ciencia","tag-ciencia-cubana","tag-cientificos","tag-citma","tag-comunicacion-cientifica","tag-debate","tag-dra-c-maribel-brull","tag-iii-foro-de-comunicacion-de-las-ciencias","tag-magnetismo","tag-universidad-de-oriente","tag-universidades"],"_links":{"self":[{"href":"https:\/\/blogs.uo.edu.cu\/electromagnetismo\/wp-json\/wp\/v2\/posts\/1876","targetHints":{"allow":["GET"]}}],"collection":[{"href":"https:\/\/blogs.uo.edu.cu\/electromagnetismo\/wp-json\/wp\/v2\/posts"}],"about":[{"href":"https:\/\/blogs.uo.edu.cu\/electromagnetismo\/wp-json\/wp\/v2\/types\/post"}],"author":[{"embeddable":true,"href":"https:\/\/blogs.uo.edu.cu\/electromagnetismo\/wp-json\/wp\/v2\/users\/929"}],"replies":[{"embeddable":true,"href":"https:\/\/blogs.uo.edu.cu\/electromagnetismo\/wp-json\/wp\/v2\/comments?post=1876"}],"version-history":[{"count":0,"href":"https:\/\/blogs.uo.edu.cu\/electromagnetismo\/wp-json\/wp\/v2\/posts\/1876\/revisions"}],"wp:attachment":[{"href":"https:\/\/blogs.uo.edu.cu\/electromagnetismo\/wp-json\/wp\/v2\/media?parent=1876"}],"wp:term":[{"taxonomy":"category","embeddable":true,"href":"https:\/\/blogs.uo.edu.cu\/electromagnetismo\/wp-json\/wp\/v2\/categories?post=1876"},{"taxonomy":"post_tag","embeddable":true,"href":"https:\/\/blogs.uo.edu.cu\/electromagnetismo\/wp-json\/wp\/v2\/tags?post=1876"}],"curies":[{"name":"wp","href":"https:\/\/api.w.org\/{rel}","templated":true}]}}