{"id":2599,"date":"2017-03-20T21:15:13","date_gmt":"2017-03-20T21:15:13","guid":{"rendered":"https:\/\/magnetismocnea.wordpress.com\/?p=2599"},"modified":"2017-03-20T21:15:13","modified_gmt":"2017-03-20T21:15:13","slug":"el-cnea-en-taller-nacional-de-energia","status":"publish","type":"post","link":"https:\/\/blogs.uo.edu.cu\/electromagnetismo\/2017\/03\/20\/el-cnea-en-taller-nacional-de-energia\/","title":{"rendered":"El CNEA en Taller Nacional de Energ\u00eda"},"content":{"rendered":"<p style=\"text-align:justify\"><a href=\"https:\/\/magnetismocnea.files.wordpress.com\/2017\/03\/p3170062.jpg\"><img loading=\"lazy\" decoding=\"async\" class=\"size-medium wp-image-2600 alignleft\" src=\"https:\/\/magnetismocnea.files.wordpress.com\/2017\/03\/p3170062.jpg?w=300\" alt=\"\" width=\"300\" height=\"188\" \/><\/a><\/p>\n<p style=\"text-align:justify\">El Ministerio de Educaci\u00f3n Superior (MES), realiz\u00f3 en la Empresa de Proyectos de Ingenier\u00eda, INEL, de La Habana, los d\u00edas 16 y 17 de este mes de marzo, el Taller Nacional de la Red de Energ\u00eda, donde acudi\u00f3 una representaci\u00f3n del CNEA.<\/p>\n<p style=\"text-align:justify\">El taller cont\u00f3 con la presencia de Rams\u00e9s Montes Calzadilla, Director de Pol\u00edtica y Estrategia, Marlenis \u00c1guila Zamora, de la Direcci\u00f3n de Energ\u00eda Renovable, ambos del MINEM, as\u00ed como de Erdey Carrete Tejar, Jefe del Grupo de Normalizaci\u00f3n y Evaluacion Energetica y el Dr.C Jos\u00e9 Luis Garcia Cuevas, Asesor del Ministro de Educaci\u00f3n Superior.<\/p>\n<p style=\"text-align:justify\"><a href=\"https:\/\/magnetismocnea.files.wordpress.com\/2017\/03\/p3160058.jpg\"><img loading=\"lazy\" decoding=\"async\" class=\"size-medium wp-image-2601 alignleft\" src=\"https:\/\/magnetismocnea.files.wordpress.com\/2017\/03\/p3160058.jpg?w=300\" alt=\"\" width=\"300\" height=\"225\" \/><\/a><\/p>\n<p style=\"text-align:justify\">El CNEA, estuvo representado por la MSc. Rebeca Conde Garc\u00eda, Directora de Transferencia de Resultado de esa entidad y coordinadora (entre otros trabajadores) del proyecto de alcance nacional \u201cGeneralizaci\u00f3n del tratamiento magn\u00e9tico en calderas y suavizadores en las universidades del pa\u00eds\u201d, la cual rindi\u00f3 cuenta del trabajo realizado hasta la fecha y enfatiz\u00f3 en los resultados obtenidos en materia de eficiencia energ\u00e9tica\u00a0 a partir del uso de los acondicionadores magn\u00e9ticos.<\/p>\n<p style=\"text-align:justify\">De forma general, se evalu\u00f3 el desempe\u00f1o de las universidades y los ECTI en las tareas de apoyo al cumplimiento de la pol\u00edtica del pa\u00eds para el desarrollo de las Fuentes Renovables de Energ\u00eda y la Eficiencia Energ\u00e9tica.<\/p>\n<p style=\"text-align:justify\">Las Fuentes de energ\u00eda renovables son aquellas que, tras ser utilizadas, se regeneran de manera natural o artificial y, algunas de estas, sometidas a ciclos que se mantienen de forma constante en la naturaleza.<\/p>\n<p style=\"text-align:justify\"><a href=\"https:\/\/magnetismocnea.files.wordpress.com\/2017\/03\/p3160026.jpg\"><img loading=\"lazy\" decoding=\"async\" class=\"size-medium wp-image-2602 alignleft\" src=\"https:\/\/magnetismocnea.files.wordpress.com\/2017\/03\/p3160026.jpg?w=300\" alt=\"\" width=\"300\" height=\"225\" \/><\/a><\/p>\n<p style=\"text-align:justify\">\n","protected":false},"excerpt":{"rendered":"<p>El Ministerio de Educaci\u00f3n Superior (MES), realiz\u00f3 en la Empresa de Proyectos de Ingenier\u00eda, INEL, de La Habana, los d\u00edas 16 y 17 de este mes de marzo, el Taller Nacional de la Red de Energ\u00eda, donde acudi\u00f3 una representaci\u00f3n del CNEA. El taller cont\u00f3 con la presencia de Rams\u00e9s Montes Calzadilla, Director de Pol\u00edtica &hellip; <\/p>\n<p class=\"link-more\"><a href=\"https:\/\/blogs.uo.edu.cu\/electromagnetismo\/2017\/03\/20\/el-cnea-en-taller-nacional-de-energia\/\" class=\"more-link\">Continuar leyendo<span class=\"screen-reader-text\"> \u00abEl CNEA en Taller Nacional de Energ\u00eda\u00bb<\/span><\/a><\/p>\n","protected":false},"author":929,"featured_media":0,"comment_status":"open","ping_status":"open","sticky":false,"template":"","format":"standard","meta":{"ngg_post_thumbnail":0,"footnotes":""},"categories":[7],"tags":[],"class_list":["post-2599","post","type-post","status-publish","format-standard","hentry","category-cnea"],"_links":{"self":[{"href":"https:\/\/blogs.uo.edu.cu\/electromagnetismo\/wp-json\/wp\/v2\/posts\/2599","targetHints":{"allow":["GET"]}}],"collection":[{"href":"https:\/\/blogs.uo.edu.cu\/electromagnetismo\/wp-json\/wp\/v2\/posts"}],"about":[{"href":"https:\/\/blogs.uo.edu.cu\/electromagnetismo\/wp-json\/wp\/v2\/types\/post"}],"author":[{"embeddable":true,"href":"https:\/\/blogs.uo.edu.cu\/electromagnetismo\/wp-json\/wp\/v2\/users\/929"}],"replies":[{"embeddable":true,"href":"https:\/\/blogs.uo.edu.cu\/electromagnetismo\/wp-json\/wp\/v2\/comments?post=2599"}],"version-history":[{"count":0,"href":"https:\/\/blogs.uo.edu.cu\/electromagnetismo\/wp-json\/wp\/v2\/posts\/2599\/revisions"}],"wp:attachment":[{"href":"https:\/\/blogs.uo.edu.cu\/electromagnetismo\/wp-json\/wp\/v2\/media?parent=2599"}],"wp:term":[{"taxonomy":"category","embeddable":true,"href":"https:\/\/blogs.uo.edu.cu\/electromagnetismo\/wp-json\/wp\/v2\/categories?post=2599"},{"taxonomy":"post_tag","embeddable":true,"href":"https:\/\/blogs.uo.edu.cu\/electromagnetismo\/wp-json\/wp\/v2\/tags?post=2599"}],"curies":[{"name":"wp","href":"https:\/\/api.w.org\/{rel}","templated":true}]}}