{"id":2738,"date":"2017-11-23T17:24:24","date_gmt":"2017-11-23T17:24:24","guid":{"rendered":"https:\/\/magnetismocnea.wordpress.com\/?p=2730"},"modified":"2017-11-23T17:24:24","modified_gmt":"2017-11-23T17:24:24","slug":"prestigiosos-medios-de-comunicacion-visitan-el-cnea","status":"publish","type":"post","link":"https:\/\/blogs.uo.edu.cu\/electromagnetismo\/2017\/11\/23\/prestigiosos-medios-de-comunicacion-visitan-el-cnea\/","title":{"rendered":"Prestigiosos Medios de Comunicaci\u00f3n visitan el CNEA"},"content":{"rendered":"<p style=\"text-align:justify\">En el d\u00eda de hoy nuestro centro le abri\u00f3 las puertas a prestigiosos especialistas en el \u00e1rea de las comunicaciones. Los visitantes, que se encuentran en la Universidad de Oriente como parte de la campa\u00f1a por su 70 Aniversario, hicieron un alto en su recorrido para visitar las instalaciones del CNEA y conocer m\u00e1s de nuestro quehacer cient\u00edfico.<\/p>\n<figure id=\"attachment_2731\" aria-describedby=\"caption-attachment-2731\" style=\"width: 300px\" class=\"wp-caption aligncenter\"><a href=\"https:\/\/magnetismocnea.files.wordpress.com\/2017\/11\/img_20171120_150733.jpg\"><img loading=\"lazy\" decoding=\"async\" class=\"size-medium wp-image-2731\" src=\"https:\/\/magnetismocnea.files.wordpress.com\/2017\/11\/img_20171120_150733.jpg?w=300\" alt=\"\" width=\"300\" height=\"225\" \/><\/a><figcaption id=\"caption-attachment-2731\" class=\"wp-caption-text\">Periodistas reunidos con el Consejo de Direcci\u00f3n<\/figcaption><\/figure>\n<p style=\"text-align:justify\">Los m\u00e1s destacados y diversos medios de comunicaci\u00f3n estuvieron presentes, se trata de las emisoras Radio Ta\u00edno, Radio Rebelde y Radio Progreso, la Revista Alma Mater, la Agencia Cubana de Noticias y la Agencia de Prensa Latina acompa\u00f1ados por la Asesora de la Direcci\u00f3n de Comunicaciones del Ministerio de Educaci\u00f3n Superior.<\/p>\n<p style=\"text-align:justify\">En el CNEA se reunieron con parte del Consejo de Direcci\u00f3n encabezado por nuestra directora Melek Campos Sof\u00eda, se mostraron interesados en el trabajo que se lleva a cabo en las diversas l\u00edneas de investigaciones as\u00ed como las proyecciones m\u00e1s inmediatas. Los periodistas se mostraron contentos y entusiastas con el trabajo del centro y satisfechos por la atenci\u00f3n brindada.<\/p>\n<figure id=\"attachment_2732\" aria-describedby=\"caption-attachment-2732\" style=\"width: 300px\" class=\"wp-caption aligncenter\"><a href=\"https:\/\/magnetismocnea.files.wordpress.com\/2017\/11\/img_20171120_155259.jpg\"><img loading=\"lazy\" decoding=\"async\" class=\"size-medium wp-image-2732\" src=\"https:\/\/magnetismocnea.files.wordpress.com\/2017\/11\/img_20171120_155259.jpg?w=300\" alt=\"\" width=\"300\" height=\"225\" \/><\/a><figcaption id=\"caption-attachment-2732\" class=\"wp-caption-text\">Representaci\u00f3n de los m\u00e1s prestigiosos medios de comunicaci\u00f3n del pa\u00eds<\/figcaption><\/figure>\n","protected":false},"excerpt":{"rendered":"<p>En el d\u00eda de hoy nuestro centro le abri\u00f3 las puertas a prestigiosos especialistas en el \u00e1rea de las comunicaciones. Los visitantes, que se encuentran en la Universidad de Oriente como parte de la campa\u00f1a por su 70 Aniversario, hicieron un alto en su recorrido para visitar las instalaciones del CNEA y conocer m\u00e1s de &hellip; <\/p>\n<p class=\"link-more\"><a href=\"https:\/\/blogs.uo.edu.cu\/electromagnetismo\/2017\/11\/23\/prestigiosos-medios-de-comunicacion-visitan-el-cnea\/\" class=\"more-link\">Continuar leyendo<span class=\"screen-reader-text\"> \u00abPrestigiosos Medios de Comunicaci\u00f3n visitan el CNEA\u00bb<\/span><\/a><\/p>\n","protected":false},"author":929,"featured_media":0,"comment_status":"open","ping_status":"open","sticky":false,"template":"","format":"standard","meta":{"ngg_post_thumbnail":0,"footnotes":""},"categories":[17],"tags":[191,265,552],"class_list":["post-2738","post","type-post","status-publish","format-standard","hentry","category-noticias","tag-comunicacion-cientifica","tag-divulgacion-cientifica","tag-periodismo-cientifico"],"_links":{"self":[{"href":"https:\/\/blogs.uo.edu.cu\/electromagnetismo\/wp-json\/wp\/v2\/posts\/2738","targetHints":{"allow":["GET"]}}],"collection":[{"href":"https:\/\/blogs.uo.edu.cu\/electromagnetismo\/wp-json\/wp\/v2\/posts"}],"about":[{"href":"https:\/\/blogs.uo.edu.cu\/electromagnetismo\/wp-json\/wp\/v2\/types\/post"}],"author":[{"embeddable":true,"href":"https:\/\/blogs.uo.edu.cu\/electromagnetismo\/wp-json\/wp\/v2\/users\/929"}],"replies":[{"embeddable":true,"href":"https:\/\/blogs.uo.edu.cu\/electromagnetismo\/wp-json\/wp\/v2\/comments?post=2738"}],"version-history":[{"count":0,"href":"https:\/\/blogs.uo.edu.cu\/electromagnetismo\/wp-json\/wp\/v2\/posts\/2738\/revisions"}],"wp:attachment":[{"href":"https:\/\/blogs.uo.edu.cu\/electromagnetismo\/wp-json\/wp\/v2\/media?parent=2738"}],"wp:term":[{"taxonomy":"category","embeddable":true,"href":"https:\/\/blogs.uo.edu.cu\/electromagnetismo\/wp-json\/wp\/v2\/categories?post=2738"},{"taxonomy":"post_tag","embeddable":true,"href":"https:\/\/blogs.uo.edu.cu\/electromagnetismo\/wp-json\/wp\/v2\/tags?post=2738"}],"curies":[{"name":"wp","href":"https:\/\/api.w.org\/{rel}","templated":true}]}}