{"id":2739,"date":"2017-11-28T18:54:04","date_gmt":"2017-11-28T18:54:04","guid":{"rendered":"https:\/\/magnetismocnea.wordpress.com\/?p=2734"},"modified":"2017-11-28T18:54:04","modified_gmt":"2017-11-28T18:54:04","slug":"sesiono-la-xvi-reunion-nacional-de-la-red-de-eficiencia-energetica-del-mes","status":"publish","type":"post","link":"https:\/\/blogs.uo.edu.cu\/electromagnetismo\/2017\/11\/28\/sesiono-la-xvi-reunion-nacional-de-la-red-de-eficiencia-energetica-del-mes\/","title":{"rendered":"Sesion\u00f3 la XVI Reuni\u00f3n Nacional de la Red de Eficiencia Energ\u00e9tica del MES"},"content":{"rendered":"<p style=\"text-align:justify\">Con la participaci\u00f3n de los Directores de Centros de Estudios y de Investigaciones de Energ\u00eda, Coordinadores Regionales de la Red y los Especialistas Energ\u00e9ticos de todas las universidades del pa\u00eds, del 22 al 24 de noviembre sesion\u00f3 en la Universidad de Cienfuegos la XVI Reuni\u00f3n Nacional de la Red de Eficiencia Energ\u00e9tica del MES.<a href=\"https:\/\/magnetismocnea.files.wordpress.com\/2017\/11\/img_20171123_151339.jpg\"><img loading=\"lazy\" decoding=\"async\" class=\"size-medium wp-image-2735 alignleft\" src=\"https:\/\/magnetismocnea.files.wordpress.com\/2017\/11\/img_20171123_151339.jpg?w=300\" alt=\"\" width=\"300\" height=\"225\" \/><\/a><\/p>\n<p style=\"text-align:justify\">Como ya es habitual, se comprob\u00f3 el funcionamiento de la Red a partir de la presentaci\u00f3n de los resultados de cada centro en actividades de superaci\u00f3n, investigaci\u00f3n y servicios relacionados con el uso racional de la energ\u00eda y la eficiencia energ\u00e9tica, se analiz\u00f3 del Programa Energ\u00e9tico del MES y los indicadores de desempe\u00f1o, se cheque\u00f3 el estado de cumplimiento de cada proyecto y se realiz\u00f3 la presentaci\u00f3n de nuevos proyectos.<\/p>\n<p style=\"text-align:justify\">El CNEA mostr\u00f3 los resultados obtenidos con el proyecto de Generalizaci\u00f3n del Tratamiento Magn\u00e9tico en las salas de calderas de las universidades del pa\u00eds. Se acord\u00f3 extender este proyecto a las salas de calderas de los CES que se integraron y se aprob\u00f3 un proyecto instalar dispositivos magn\u00e9ticos en los veh\u00edculos automotores que prestan servicio en las universidades.<\/p>\n<p style=\"text-align:justify\">Como parte del programa de esta reuni\u00f3n se impartieron dos conferencias: una sobre las Perspectivas de desarrollo del Sistema El\u00e9ctrico Cubano por el DrC. Zaid Garc\u00eda S\u00e1nchez, de la Universidad de Cienfuegos y otra para dar a conocer el Proyecto de Ciclo Combinado con Gas Natural Licuado (GNL), por el Ing. F\u00e9lix Ram\u00f3n Mart\u00ednez, del MINEM. Se visit\u00f3, adem\u00e1s, Laboratorio de Combusti\u00f3n de INEL, ubicado en la antigua termoel\u00e9ctrica de Cienfuegos.<\/p>\n<p><a href=\"https:\/\/magnetismocnea.files.wordpress.com\/2017\/11\/img_20171123_154842.jpg\"><img loading=\"lazy\" decoding=\"async\" class=\"size-medium wp-image-2736 alignleft\" src=\"https:\/\/magnetismocnea.files.wordpress.com\/2017\/11\/img_20171123_154842.jpg?w=300\" alt=\"\" width=\"300\" height=\"225\" \/><\/a> <a href=\"https:\/\/magnetismocnea.files.wordpress.com\/2017\/11\/img_20171123_151339.jpg\"><img loading=\"lazy\" decoding=\"async\" class=\"size-medium wp-image-2735 alignleft\" src=\"https:\/\/magnetismocnea.files.wordpress.com\/2017\/11\/img_20171123_151339.jpg?w=300\" alt=\"\" width=\"300\" height=\"225\" \/><\/a><\/p>\n","protected":false},"excerpt":{"rendered":"<p>Con la participaci\u00f3n de los Directores de Centros de Estudios y de Investigaciones de Energ\u00eda, Coordinadores Regionales de la Red y los Especialistas Energ\u00e9ticos de todas las universidades del pa\u00eds, del 22 al 24 de noviembre sesion\u00f3 en la Universidad de Cienfuegos la XVI Reuni\u00f3n Nacional de la Red de Eficiencia Energ\u00e9tica del MES. Como &hellip; <\/p>\n<p class=\"link-more\"><a href=\"https:\/\/blogs.uo.edu.cu\/electromagnetismo\/2017\/11\/28\/sesiono-la-xvi-reunion-nacional-de-la-red-de-eficiencia-energetica-del-mes\/\" class=\"more-link\">Continuar leyendo<span class=\"screen-reader-text\"> \u00abSesion\u00f3 la XVI Reuni\u00f3n Nacional de la Red de Eficiencia Energ\u00e9tica del MES\u00bb<\/span><\/a><\/p>\n","protected":false},"author":929,"featured_media":2737,"comment_status":"open","ping_status":"open","sticky":false,"template":"","format":"standard","meta":{"ngg_post_thumbnail":0,"footnotes":""},"categories":[17],"tags":[38,725],"class_list":["post-2739","post","type-post","status-publish","format-standard","has-post-thumbnail","hentry","category-noticias","tag-acondicionadores-magneticos","tag-universidades-cubanas"],"_links":{"self":[{"href":"https:\/\/blogs.uo.edu.cu\/electromagnetismo\/wp-json\/wp\/v2\/posts\/2739","targetHints":{"allow":["GET"]}}],"collection":[{"href":"https:\/\/blogs.uo.edu.cu\/electromagnetismo\/wp-json\/wp\/v2\/posts"}],"about":[{"href":"https:\/\/blogs.uo.edu.cu\/electromagnetismo\/wp-json\/wp\/v2\/types\/post"}],"author":[{"embeddable":true,"href":"https:\/\/blogs.uo.edu.cu\/electromagnetismo\/wp-json\/wp\/v2\/users\/929"}],"replies":[{"embeddable":true,"href":"https:\/\/blogs.uo.edu.cu\/electromagnetismo\/wp-json\/wp\/v2\/comments?post=2739"}],"version-history":[{"count":0,"href":"https:\/\/blogs.uo.edu.cu\/electromagnetismo\/wp-json\/wp\/v2\/posts\/2739\/revisions"}],"wp:featuredmedia":[{"embeddable":true,"href":"https:\/\/blogs.uo.edu.cu\/electromagnetismo\/wp-json\/wp\/v2\/posts\/2737"}],"wp:attachment":[{"href":"https:\/\/blogs.uo.edu.cu\/electromagnetismo\/wp-json\/wp\/v2\/media?parent=2739"}],"wp:term":[{"taxonomy":"category","embeddable":true,"href":"https:\/\/blogs.uo.edu.cu\/electromagnetismo\/wp-json\/wp\/v2\/categories?post=2739"},{"taxonomy":"post_tag","embeddable":true,"href":"https:\/\/blogs.uo.edu.cu\/electromagnetismo\/wp-json\/wp\/v2\/tags?post=2739"}],"curies":[{"name":"wp","href":"https:\/\/api.w.org\/{rel}","templated":true}]}}