{"id":3154,"date":"2019-04-02T16:08:13","date_gmt":"2019-04-02T16:08:13","guid":{"rendered":"https:\/\/magnetismocnea.wordpress.com\/?p=3154"},"modified":"2019-04-02T16:08:13","modified_gmt":"2019-04-02T16:08:13","slug":"cursos-de-la-viii-conferencia-de-electromagnetismo-aplicado-cnea-2019","status":"publish","type":"post","link":"https:\/\/blogs.uo.edu.cu\/electromagnetismo\/2019\/04\/02\/cursos-de-la-viii-conferencia-de-electromagnetismo-aplicado-cnea-2019\/","title":{"rendered":"Cursos de la VIII Conferencia de Electromagnetismo Aplicado CNEA 2019"},"content":{"rendered":"<p>En el marco de la VIII Conferencia de Electromagnetismo Aplicado CNEA 2019 a celebrarse del 3 al 5 de abril se impartir\u00e1n 2 cursos pre-evento:<!--more--><\/p>\n<h4><em>Riesgos por exposici\u00f3n a campos electromagn\u00e9ticos en ambientes laborales<\/em><\/h4>\n<p><strong>Profesor<\/strong>: Dr.C. Douglas De\u00e1s Yero<\/p>\n<p><strong>E-mail<\/strong>: douglas@uo.edu.cu<\/p>\n<p><strong>Resumen<\/strong>: El curso pretende brindar elementos para reconocer la contaminaci\u00f3n electromagn\u00e9tica como sub-\u00e1rea de la compatibilidad electromagn\u00e9tica. Asimismo, abordar\u00e1 la metodolog\u00eda propuesta para la mediaci\u00f3n de campo el\u00e9crico y campo magn\u00e9tico en ambientes laborales y la necesidad de adoptar medidas legales y f\u00edsicas para la protecci\u00f3n frente a la contaminaci\u00f3n electromagn\u00e9tica.<\/p>\n<h4>La gesti\u00f3n energ\u00e9tica y su relaci\u00f3n con el tratamiento magn\u00e9tico en la industria<\/h4>\n<p><strong>Profesor<\/strong>: Dr.C M\u00f3nica Rosario Berenguer \u00dangaro<\/p>\n<p><strong>E-mail<\/strong>: monicab@uo.edu.cu<\/p>\n<p><strong>Resumen<\/strong>: El curso permitir\u00e1 identificar la relaci\u00f3n entre la gesti\u00f3n energ\u00e9tica y la introducci\u00f3n del tratamiento magn\u00e9tico en los sistemas ingenieros. Se brindar\u00e1n elementos asociados al concepto de gesti\u00f3n energ\u00e9tica en el entorno de la organizaci\u00f3n, el tratamiento magn\u00e9tico en los sistemas ingenieros y las variables que permiten identificar la relaci\u00f3n entre la gesti\u00f3n energ\u00e9tica y la introducci\u00f3n del tratamiento magn\u00e9tico en los sistemas ingenieros.<\/p>\n<p>&nbsp;<\/p>\n<p>&nbsp;<\/p>\n","protected":false},"excerpt":{"rendered":"<p>En el marco de la VIII Conferencia de Electromagnetismo Aplicado CNEA 2019 a celebrarse del 3 al 5 de abril se impartir\u00e1n 2 cursos pre-evento:<\/p>\n","protected":false},"author":929,"featured_media":0,"comment_status":"open","ping_status":"open","sticky":false,"template":"","format":"standard","meta":{"ngg_post_thumbnail":0,"footnotes":""},"categories":[7],"tags":[181,199],"class_list":["post-3154","post","type-post","status-publish","format-standard","hentry","category-cnea","tag-cnea-2019","tag-conferencia-de-electromagnetismo-aplicado"],"_links":{"self":[{"href":"https:\/\/blogs.uo.edu.cu\/electromagnetismo\/wp-json\/wp\/v2\/posts\/3154","targetHints":{"allow":["GET"]}}],"collection":[{"href":"https:\/\/blogs.uo.edu.cu\/electromagnetismo\/wp-json\/wp\/v2\/posts"}],"about":[{"href":"https:\/\/blogs.uo.edu.cu\/electromagnetismo\/wp-json\/wp\/v2\/types\/post"}],"author":[{"embeddable":true,"href":"https:\/\/blogs.uo.edu.cu\/electromagnetismo\/wp-json\/wp\/v2\/users\/929"}],"replies":[{"embeddable":true,"href":"https:\/\/blogs.uo.edu.cu\/electromagnetismo\/wp-json\/wp\/v2\/comments?post=3154"}],"version-history":[{"count":0,"href":"https:\/\/blogs.uo.edu.cu\/electromagnetismo\/wp-json\/wp\/v2\/posts\/3154\/revisions"}],"wp:attachment":[{"href":"https:\/\/blogs.uo.edu.cu\/electromagnetismo\/wp-json\/wp\/v2\/media?parent=3154"}],"wp:term":[{"taxonomy":"category","embeddable":true,"href":"https:\/\/blogs.uo.edu.cu\/electromagnetismo\/wp-json\/wp\/v2\/categories?post=3154"},{"taxonomy":"post_tag","embeddable":true,"href":"https:\/\/blogs.uo.edu.cu\/electromagnetismo\/wp-json\/wp\/v2\/tags?post=3154"}],"curies":[{"name":"wp","href":"https:\/\/api.w.org\/{rel}","templated":true}]}}