{"id":922,"date":"2011-10-31T10:20:44","date_gmt":"2011-10-31T10:20:44","guid":{"rendered":"http:\/\/magnetismocnea.wordpress.com\/?p=922"},"modified":"2011-10-31T10:20:44","modified_gmt":"2011-10-31T10:20:44","slug":"entregaran-este-lunes-premios-de-periodismo-cientifico","status":"publish","type":"post","link":"https:\/\/blogs.uo.edu.cu\/electromagnetismo\/2011\/10\/31\/entregaran-este-lunes-premios-de-periodismo-cientifico\/","title":{"rendered":"Entregar\u00e1n este lunes premios de Periodismo Cient\u00edfico"},"content":{"rendered":"<p style=\"text-align:justify\">Los premios del concurso de Periodismo Cient\u00edfico Gilberto Caballero Almeida (1941-1996) ser\u00e1n entregados este lunes, en esta capital, a profesionales del sector sobresalientes en la divulgaci\u00f3n de la ciencia y la innovaci\u00f3n tecnol\u00f3gica, informa la AIN.<\/p>\n<p style=\"text-align:justify\">Solo en prensa plana el jurado recibi\u00f3 135 trabajos de la mayor\u00eda de las provincias cubanas, inform\u00f3 L\u00e1zara Raymond Bofill, especialista del Ministerio de Ciencia, Tecnolog\u00eda y Medio Ambiente (CITMA).<\/p>\n<p style=\"text-align:justify\">A\u00f1adi\u00f3 que la cantidad de materiales enviados de medios impresos para la edici\u00f3n 14 del certamen es una de las mayores desde su instituci\u00f3n en 1997.<\/p>\n<p style=\"text-align:justify\">Puntualiz\u00f3 que los textos est\u00e1n relacionados con el desarrollo de la ciencia, la innovaci\u00f3n tecnol\u00f3gica y el medio ambiente, y tratan en particular sobre la preservaci\u00f3n del entorno, la red sismol\u00f3gica, biotecnolog\u00eda y cambio clim\u00e1tico.<\/p>\n<p style=\"text-align:justify\">Los premios ser\u00e1n entregados en la sede de la Empresa de Tecnolog\u00edas de la Informaci\u00f3n y Servicios Telem\u00e1ticos Avanzados, la cual ofrece productos y servicios de alto valor agregado.<\/p>\n<p style=\"text-align:justify\">El CITMA y el C\u00edrculo de Periodismo Cient\u00edfico de la Uni\u00f3n de Periodistas de Cuba, promueven las bases del concurso, que incluye tambi\u00e9n los reconocimientos en televisi\u00f3n, radio y portal en Internet.<\/p>\n<p style=\"text-align:justify\">El premio del certamen a la Obra de la Vida, establecido por primera vez en 2010, lo gan\u00f3 la reportera Nancy Lara Marcel, de la emisora provincial Radio Ciudad de La Habana.<\/p>\n<p style=\"text-align:justify\">Lourdes Rey Veit\u00eda, corresponsal en Villa Clara del peri\u00f3dico Trabajadores, mereci\u00f3 entonces el de la Obra del a\u00f1o con el t\u00edtulo Cruel mentira o triste verdad.<\/p>\n<p style=\"text-align:justify\">El C\u00edrculo de Periodismo Cient\u00edfico es uno de los m\u00e1s antiguos de Cuba por su creaci\u00f3n en 1980, antecedido por el Club de Cronistas Deportivos.<\/p>\n<p style=\"text-align:justify\">Caballero Almeida, de la Agencia Informativa Latinoamericana S.A. Prensa Latina, fue su primer presidente y le siguieron Mario Garrido, Alexis Schlachter, Ariel Terrero, Aixa Hevia, B\u00e1rbara Avenda\u00f1o, Gladys Rubio y actualmente Orfilio Pel\u00e1ez.<\/p>\n<p style=\"text-align:justify\">Tomado de <a href=\"http:\/\/www.juventudrebelde.cu\/cuba\/2011-10-30\/entregran-ste-lunes-premios-de-periodismo-cientifico\/\">Juventud Rebelde<\/a><\/p>\n","protected":false},"excerpt":{"rendered":"<p>Los premios del concurso de Periodismo Cient\u00edfico Gilberto Caballero Almeida (1941-1996) ser\u00e1n entregados este lunes, en esta capital, a profesionales del sector sobresalientes en la divulgaci\u00f3n de la ciencia y la innovaci\u00f3n tecnol\u00f3gica, informa la AIN. Solo en prensa plana el jurado recibi\u00f3 135 trabajos de la mayor\u00eda de las provincias cubanas, inform\u00f3 L\u00e1zara Raymond &hellip; <\/p>\n<p class=\"link-more\"><a href=\"https:\/\/blogs.uo.edu.cu\/electromagnetismo\/2011\/10\/31\/entregaran-este-lunes-premios-de-periodismo-cientifico\/\" class=\"more-link\">Continuar leyendo<span class=\"screen-reader-text\"> \u00abEntregar\u00e1n este lunes premios de Periodismo Cient\u00edfico\u00bb<\/span><\/a><\/p>\n","protected":false},"author":929,"featured_media":0,"comment_status":"open","ping_status":"open","sticky":false,"template":"","format":"standard","meta":{"ngg_post_thumbnail":0,"footnotes":""},"categories":[17],"tags":[154,475,552],"class_list":["post-922","post","type-post","status-publish","format-standard","hentry","category-noticias","tag-ciencia","tag-juventud-rebelde","tag-periodismo-cientifico"],"_links":{"self":[{"href":"https:\/\/blogs.uo.edu.cu\/electromagnetismo\/wp-json\/wp\/v2\/posts\/922","targetHints":{"allow":["GET"]}}],"collection":[{"href":"https:\/\/blogs.uo.edu.cu\/electromagnetismo\/wp-json\/wp\/v2\/posts"}],"about":[{"href":"https:\/\/blogs.uo.edu.cu\/electromagnetismo\/wp-json\/wp\/v2\/types\/post"}],"author":[{"embeddable":true,"href":"https:\/\/blogs.uo.edu.cu\/electromagnetismo\/wp-json\/wp\/v2\/users\/929"}],"replies":[{"embeddable":true,"href":"https:\/\/blogs.uo.edu.cu\/electromagnetismo\/wp-json\/wp\/v2\/comments?post=922"}],"version-history":[{"count":0,"href":"https:\/\/blogs.uo.edu.cu\/electromagnetismo\/wp-json\/wp\/v2\/posts\/922\/revisions"}],"wp:attachment":[{"href":"https:\/\/blogs.uo.edu.cu\/electromagnetismo\/wp-json\/wp\/v2\/media?parent=922"}],"wp:term":[{"taxonomy":"category","embeddable":true,"href":"https:\/\/blogs.uo.edu.cu\/electromagnetismo\/wp-json\/wp\/v2\/categories?post=922"},{"taxonomy":"post_tag","embeddable":true,"href":"https:\/\/blogs.uo.edu.cu\/electromagnetismo\/wp-json\/wp\/v2\/tags?post=922"}],"curies":[{"name":"wp","href":"https:\/\/api.w.org\/{rel}","templated":true}]}}