{"id":4822,"date":"2025-11-25T08:32:20","date_gmt":"2025-11-25T14:32:20","guid":{"rendered":"https:\/\/blogs.uo.edu.cu\/seginf\/?p=4822"},"modified":"2025-11-25T12:10:41","modified_gmt":"2025-11-25T18:10:41","slug":"la-inteligencia-artificial-en-el-aula-revolucion-educativa-o-amenaza-pedagogica","status":"publish","type":"post","link":"https:\/\/blogs.uo.edu.cu\/seginf\/?p=4822","title":{"rendered":"La Inteligencia Artificial en el aula: \u00bfRevoluci\u00f3n educativa o amenaza pedag\u00f3gica?"},"content":{"rendered":"<div id=\"attachment_4826\" style=\"width: 310px\" class=\"wp-caption alignleft\"><img loading=\"lazy\" decoding=\"async\" aria-describedby=\"caption-attachment-4826\" src=\"http:\/\/blogs.uo.edu.cu\/seginf\/wp-content\/uploads\/sites\/4\/2025\/10\/debate-IA-en-aula-300x200.png\" alt=\"\" width=\"300\" height=\"200\" class=\"size-medium wp-image-4826\" srcset=\"https:\/\/blogs.uo.edu.cu\/seginf\/wp-content\/uploads\/sites\/4\/2025\/10\/debate-IA-en-aula-300x200.png 300w, https:\/\/blogs.uo.edu.cu\/seginf\/wp-content\/uploads\/sites\/4\/2025\/10\/debate-IA-en-aula-1024x683.png 1024w, https:\/\/blogs.uo.edu.cu\/seginf\/wp-content\/uploads\/sites\/4\/2025\/10\/debate-IA-en-aula-768x512.png 768w, https:\/\/blogs.uo.edu.cu\/seginf\/wp-content\/uploads\/sites\/4\/2025\/10\/debate-IA-en-aula.png 1536w\" sizes=\"auto, (max-width: 300px) 100vw, 300px\" \/><p id=\"caption-attachment-4826\" class=\"wp-caption-text\">Debate sobre el uso de la IA en el aula<\/p><\/div>\n<p align=\"justify\">La IA ha dejado de ser un concepto de ciencia ficci\u00f3n para introducirse en lo cotidiano de la existencia humana y, como era de esperar, ha irrumpido con fuerza en uno de los pilares de la sociedad: la educaci\u00f3n. Su presencia genera un debate apasionado y necesario entre los docentes, un colectivo que se encuentra en la primera l\u00ednea de fuego de esta transformaci\u00f3n.<\/p>\n<p align=\"justify\">En este blog, no se busca una respuesta definitiva, sino presentar de manera clara y por separado los argumentos que esgrimen tanto los entusiastas como los esc\u00e9pticos. Las dos caras de una moneda que est\u00e1 remodelando la educaci\u00f3n.<\/p>\n<p><!--more--><\/p>\n<p align=\"justify\">En este sentido, se ha considerado conveniente abrir un espacio para un intercambio de ideas que contribuya a ampliar los horizontes sobre el tema.<\/p>\n<p align=\"justify\">Sin pretender crear un dogal para el debate, se exponen cuatro interrogantes que pueden contribuir a enfocar el debate a los aspectos medulares, aunque pueden tratarse otros temas.<\/p>\n<p align=\"justify\"><strong>\u00bfCu\u00e1l es el l\u00edmite entre usar la IA como una herramienta de apoyo y permitir que incida de manera negativa en los  procesos cognitivos fundamentales en nuestros estudiantes?<\/strong><\/p>\n<p align=\"justify\"><strong>\u00bfC\u00f3mo se puede trabajar en el uso de la IA de manera eficiente y desde la buenas pr\u00e1cticas en la en el entorno universitario?<\/strong><\/p>\n<p align=\"justify\"><strong>\u00bfQu\u00e9 nuevo rol debe asumir el docente en este escenario emergente? \u00bfDebe ser un curador de contenido, un facilitador tecnol\u00f3gico o un mentor de pensamiento cr\u00edtico?<\/strong><\/p>\n<p align=\"justify\"><strong>\u00bfQu\u00e9 pol\u00edticas \u00e9ticas y de seguridad deben implementarse desde la Universidad de Oriente para una integraci\u00f3n responsable de la IA en el aula?<\/strong><\/p>\n<p align=\"justify\">La reflexi\u00f3n que sustentar\u00e1 el debate se puede leer a continuaci\u00f3n:<\/p>\n<p align=\"justify\">Las posiciones a favor que postulan la IA como una aliada que se torna imprescindible para el docente se centran en primer lugar en que estas aplicaciones no son un reemplazo, sino una herramienta poderosa que, utilizada de manera acertada, puede potenciar el proceso de ense\u00f1anza-aprendizaje. Los argumentos se centran en la eficiencia, la personalizaci\u00f3n y la preparaci\u00f3n para el futuro.<\/p>\n<p align=\"justify\">1. Personalizaci\u00f3n del aprendizaje a escala masiva:<\/p>\n<p align=\"justify\">Tal vez este sea el argumento estrella de esta posici\u00f3n. La IA puede adaptar los materiales y el ritmo de aprendizaje a las necesidades individuales de cada estudiante. Las plataformas inteligentes pueden identificar las fortalezas y debilidades de un alumno, ofreciendo ejercicios de refuerzo en temas que no domina y permiti\u00e9ndole avanzar m\u00e1s r\u00e1pido. De esta manera, se pone fin al modelo \u00fanico de ense\u00f1anza para entrar en una educaci\u00f3n verdaderamente inclusiva.<\/p>\n<p align=\"justify\">2. Liberaci\u00f3n de tiempo docente para cuestiones m\u00e1s importantes:<\/p>\n<p align=\"justify\">La IA puede automatizar tareas administrativas y repetitivas que consumen gran parte del tiempo de los profesores: correcci\u00f3n de ex\u00e1menes tipo test, gesti\u00f3n de la asistencia, organizaci\u00f3n de calendarios, entre otras cuestiones. Al liberar esta carga burocr\u00e1tica, el docente puede dedicar m\u00e1s tiempo a la interacci\u00f3n humana: guiar, realizar tutor\u00edas o servir como mentor, inspirar y atender las necesidades emocionales y sociales de sus estudiantes.<\/p>\n<p align=\"justify\">3. Retroalimentaci\u00f3n inmediata y constante:<\/p>\n<p align=\"justify\">Los sistemas de IA pueden proporcionar retroalimentaci\u00f3n instant\u00e1nea a los estudiantes sobre sus trabajos y ejercicios. Esto permite que corrijan sus errores sobre la marcha, reforzando el aprendizaje de manera mucho m\u00e1s efectiva que cuando espera el encuentro para la correcci\u00f3n del profesor.<\/p>\n<p align=\"justify\">4. Preparaci\u00f3n para un mundo impulsado por la IA:<\/p>\n<p align=\"justify\">Vivimos en un mundo donde la IA es ya una herramienta laboral omnipresente. Integrarla en el aula no es una opci\u00f3n, sino una necesidad para preparar a los estudiantes para su futuro. Aprender a usar estas herramientas de forma abierta, responsable, segura, cr\u00edtica y \u00e9tica es una competencia esencial en el siglo XXI.<\/p>\n<p align=\"justify\">5. Recursos did\u00e1cticos enriquecidos e inmersivos:<\/p>\n<p align=\"justify\">Desde asistentes de voz que responden dudas en tiempo real hasta simulaciones y entornos de aprendizaje inmersivos con realidad virtual, hacen que la IA puede hacer que las clases sean m\u00e1s din\u00e1micas, interactivas y atractivas para una generaci\u00f3n de nativos digitales.<\/p>\n<p align=\"justify\">Los que mantienen una posici\u00f3n contraria a su utilizaci\u00f3n en el aula por considerarla un riesgo para la esencia de la educaci\u00f3n centran sus argumentos en la p\u00e9rdida de humanidad, los riesgos \u00e9ticos y la potencial dependencia de la tecnolog\u00eda.<\/p>\n<p align=\"justify\">1. Deshumanizaci\u00f3n del proceso educativo:<\/p>\n<p align=\"justify\">Argumentan que la educaci\u00f3n no es solo transmitir conocimientos, sino formar personas. La relaci\u00f3n alumno-profesor, basada en la empat\u00eda, la motivaci\u00f3n y el ejemplo, es insustituible. Temen que un exceso de interacci\u00f3n con herramientas y aplicaciones genere un entorno fr\u00edo y mecanicista, donde el componente socioemocional quede en un segundo plano.<\/p>\n<p align=\"justify\">2. Amenaza a la autonom\u00eda y pensamiento cr\u00edtico:<\/p>\n<p align=\"justify\">La facilidad con la que herramientas como los chatbots pueden generar ensayos y resolver problemas plantea una grave amenaza. Los estudiantes podr\u00edan volverse dependientes, delegando su proceso de pensamiento y aprehensi\u00f3n de conocimiento a la IA. Esto atenta directamente contra el desarrollo del pensamiento cr\u00edtico, la capacidad de an\u00e1lisis y la resoluci\u00f3n creativa de problemas, competencias esenciales en la formaci\u00f3n del individuo.<\/p>\n<p align=\"justify\">3. Sesgos, discriminaci\u00f3n y falta de transparencia:<\/p>\n<p align=\"justify\">Los algoritmos de IA son creados por humanos y pueden perpetuar y amplificar sesgos de g\u00e9nero, raza, cultura, que est\u00e1n presentes en los datos con que se entrenan estas herramientas. Se plantea adem\u00e1s, que su funcionamiento suele ser una \u00abcaja negra\u00bb, que dificulta entender c\u00f3mo se llega a una conclusi\u00f3n, algo contrario al esp\u00edritu cient\u00edfico de la educaci\u00f3n.<\/p>\n<p align=\"justify\">4. Profundizaci\u00f3n de la brecha digital:<\/p>\n<p align=\"justify\">No todos los centros educacionales, ni todos los estudiantes tienen el mismo nivel de acceso a la tecnolog\u00eda. La implementaci\u00f3n masiva de la IA podr\u00eda acentuar las desigualdades, creando una brecha insalvable entre quienes tienen acceso a estas herramientas y quienes no, resquebrajando la equidad educativa.<\/p>\n<p align=\"justify\">5. Desplazamiento y desvalorizaci\u00f3n del rol del docente:<\/p>\n<p align=\"justify\">Existe un temor latente de que con el tiempo la IA pueda reemplazar ciertas funciones docentes, especialmente en la ense\u00f1anza online o en la correcci\u00f3n de tareas m\u00e1s complejas. Esto genera cierta  incertidumbre laboral, pero a la vez deval\u00faa la profesi\u00f3n, reduciendo el papel del profesor a un supervisor de algoritmos.<\/p>\n<p align=\"justify\">Estos son los argumentos m\u00e1s generalizados, que permiten abrir un debate en la comunidad universitaria, para con el desarrollo del pensamiento colectivo obtener ideas que son esenciales para avanzar en la utilizaci\u00f3n eficiente de las herramientas, en especial en cu\u00e1ndo, d\u00f3nde y c\u00f3mo se pueden utilizar de manera m\u00e1s eficiente.<\/p>\n<p align=\"justify\">En fin que el debate est\u00e1 abierto, pues como se aprecia, la irrupci\u00f3n de la IA en la docencia no es blanca o negra. Por un lado, ofrece un potencial sin precedentes para personalizar la educaci\u00f3n y liberar a los docentes de cargas tediosas. Por otro, plantea riesgos reales sobre la deshumanizaci\u00f3n, la \u00e9tica y la equidad.<\/p>\n<p align=\"justify\">El futuro probablemente no est\u00e9 en la adopci\u00f3n indiscriminada ni en el rechazo absoluto, sino en una integraci\u00f3n inteligente, cr\u00edtica y siempre guiada por el criterio humano. El desaf\u00edo para los sistemas educativos y para cada docente ser\u00e1 encontrar ese punto medio, donde la tecnolog\u00eda sirva para potenciar, y no para opacar, la maravillosa y compleja tarea de educar.<\/p>\n<p align=\"justify\">Esperamos sus comentarios con los argumentos para alcanzar no solo un consenso, sino generalizar experiencias que puedan dar luz sobre el tema.<\/p>\n<h3>Im\u00e1genes Relacionadas:<\/h3>","protected":false},"excerpt":{"rendered":"<p>La IA ha dejado de ser un concepto de ciencia ficci\u00f3n para introducirse en lo cotidiano de la existencia humana y, como era de esperar, ha irrumpido con fuerza en uno de los pilares de la sociedad: la educaci\u00f3n. Su &hellip; <a href=\"https:\/\/blogs.uo.edu.cu\/seginf\/?p=4822\">Sigue leyendo <span class=\"meta-nav\">&rarr;<\/span><\/a><\/p>\n","protected":false},"author":3,"featured_media":0,"comment_status":"open","ping_status":"open","sticky":false,"template":"","format":"standard","meta":{"ngg_post_thumbnail":0,"footnotes":""},"categories":[69],"tags":[],"class_list":["post-4822","post","type-post","status-publish","format-standard","hentry","category-inteligencia-artificial"],"_links":{"self":[{"href":"https:\/\/blogs.uo.edu.cu\/seginf\/index.php?rest_route=\/wp\/v2\/posts\/4822","targetHints":{"allow":["GET"]}}],"collection":[{"href":"https:\/\/blogs.uo.edu.cu\/seginf\/index.php?rest_route=\/wp\/v2\/posts"}],"about":[{"href":"https:\/\/blogs.uo.edu.cu\/seginf\/index.php?rest_route=\/wp\/v2\/types\/post"}],"author":[{"embeddable":true,"href":"https:\/\/blogs.uo.edu.cu\/seginf\/index.php?rest_route=\/wp\/v2\/users\/3"}],"replies":[{"embeddable":true,"href":"https:\/\/blogs.uo.edu.cu\/seginf\/index.php?rest_route=%2Fwp%2Fv2%2Fcomments&post=4822"}],"version-history":[{"count":7,"href":"https:\/\/blogs.uo.edu.cu\/seginf\/index.php?rest_route=\/wp\/v2\/posts\/4822\/revisions"}],"predecessor-version":[{"id":4839,"href":"https:\/\/blogs.uo.edu.cu\/seginf\/index.php?rest_route=\/wp\/v2\/posts\/4822\/revisions\/4839"}],"wp:attachment":[{"href":"https:\/\/blogs.uo.edu.cu\/seginf\/index.php?rest_route=%2Fwp%2Fv2%2Fmedia&parent=4822"}],"wp:term":[{"taxonomy":"category","embeddable":true,"href":"https:\/\/blogs.uo.edu.cu\/seginf\/index.php?rest_route=%2Fwp%2Fv2%2Fcategories&post=4822"},{"taxonomy":"post_tag","embeddable":true,"href":"https:\/\/blogs.uo.edu.cu\/seginf\/index.php?rest_route=%2Fwp%2Fv2%2Ftags&post=4822"}],"curies":[{"name":"wp","href":"https:\/\/api.w.org\/{rel}","templated":true}]}}